{"id":16840,"date":"2019-04-27T11:57:38","date_gmt":"2019-04-27T09:57:38","guid":{"rendered":"https:\/\/www.wanderwegewelt.de\/blog\/?p=16840"},"modified":"2025-07-08T21:54:29","modified_gmt":"2025-07-08T19:54:29","slug":"tour-996-koeln-rath-auf-dem-a3-zum-rather-weiher","status":"publish","type":"post","link":"https:\/\/www.wanderwegewelt.de\/blog\/tour-996-koeln-rath-auf-dem-a3-zum-rather-weiher\/","title":{"rendered":"Tour 996 \u2013 K\u00f6ln-Rath \u2013 Auf dem A3 zum Rather Weiher"},"content":{"rendered":"<h1 style=\"text-align: center;\">Auf breiten Wegen zum Rather Weiher<\/h1>\n<table border=\"1\" width=\"100%\" cellspacing=\"0\" cellpadding=\"4\">\n<colgroup>\n<col width=\"122\" \/>\n<col width=\"500\" \/><\/colgroup>\n<tbody>\n<tr valign=\"top\">\n<td width=\"122\">Parkplatz<\/td>\n<td width=\"500\">51107 K\u00f6ln-Rath\/Heumar, L\u00fctzerathstra\u00dfe (Siehe unbedingt auch Karte)<\/td>\n<\/tr>\n<tr valign=\"top\">\n<td width=\"122\">Typ<\/td>\n<td width=\"500\">Rund<\/td>\n<\/tr>\n<tr valign=\"top\">\n<td width=\"122\">L\u00e4nge<\/td>\n<td width=\"500\">7,3 km<\/td>\n<\/tr>\n<tr valign=\"top\">\n<td width=\"122\">Schwierigkeit<\/td>\n<td width=\"500\">Einfach<\/td>\n<\/tr>\n<tr valign=\"top\">\n<td width=\"122\">H\u00f6henmeter<\/td>\n<td width=\"500\">Keine<\/td>\n<\/tr>\n<tr valign=\"top\">\n<td width=\"122\">Literatur<\/td>\n<td width=\"500\">Keine Angabe<\/td>\n<\/tr>\n<tr valign=\"top\">\n<td width=\"122\">Auf Karte<\/td>\n<td width=\"500\">Keine Angabe<\/td>\n<\/tr>\n<tr valign=\"top\">\n<td width=\"122\">Beschilderung<\/td>\n<td width=\"500\"><a href=\"https:\/\/www.wanderwegewelt.de\/blog\/wp-content\/uploads\/A3.png\"><img loading=\"lazy\" decoding=\"async\" class=\"alignnone size-full wp-image-1344\" src=\"https:\/\/www.wanderwegewelt.de\/blog\/wp-content\/uploads\/A3.png\" alt=\"\" width=\"16\" height=\"16\" \/><\/a>, wei\u00dfes A3 auf schwarzem Grund<\/td>\n<\/tr>\n<tr valign=\"top\">\n<td width=\"122\">Wegbeschaffenheit<\/td>\n<td width=\"500\">Waldwege, Asphalt<\/td>\n<\/tr>\n<tr valign=\"top\">\n<td width=\"122\">Bemerkenswertes<\/td>\n<td width=\"500\">Zw\u00f6lf Apostel Buche, Rather Weiher<\/td>\n<\/tr>\n<tr valign=\"top\">\n<td width=\"122\">Links<\/td>\n<td width=\"500\"><\/td>\n<\/tr>\n<tr valign=\"top\">\n<td width=\"122\">Bewertung<\/td>\n<td width=\"500\"><p><strong class=\"rating\"><\/strong>&nbsp;<img decoding=\"async\" src=\"https:\/\/www.wanderwegewelt.de\/blog\/wp-content\/plugins\/xavins-review-ratings\/default\/star.png\" alt=\"&#9733;\" title=\"2\/5\" \/><img decoding=\"async\" src=\"https:\/\/www.wanderwegewelt.de\/blog\/wp-content\/plugins\/xavins-review-ratings\/default\/star.png\" alt=\"&#9733;\" title=\"2\/5\" \/><img decoding=\"async\" src=\"https:\/\/www.wanderwegewelt.de\/blog\/wp-content\/plugins\/xavins-review-ratings\/default\/blank_star.png\" alt=\"&#9734;\" title=\"2\/5\" \/><img decoding=\"async\" src=\"https:\/\/www.wanderwegewelt.de\/blog\/wp-content\/plugins\/xavins-review-ratings\/default\/blank_star.png\" alt=\"&#9734;\" title=\"2\/5\" \/><img decoding=\"async\" src=\"https:\/\/www.wanderwegewelt.de\/blog\/wp-content\/plugins\/xavins-review-ratings\/default\/blank_star.png\" alt=\"&#9734;\" title=\"2\/5\" \/>&nbsp;<\/p><\/td>\n<\/tr>\n<\/tbody>\n<\/table>\n<p>Details:<!--more--><\/p>\n<figure id=\"attachment_16843\" aria-describedby=\"caption-attachment-16843\" style=\"width: 169px\" class=\"wp-caption alignleft\"><a href=\"https:\/\/www.wanderwegewelt.de\/blog\/wp-content\/uploads\/00000996.jpg\"><img loading=\"lazy\" decoding=\"async\" class=\"size-medium wp-image-16843\" src=\"https:\/\/www.wanderwegewelt.de\/blog\/wp-content\/uploads\/00000996-169x300.jpg\" alt=\"Am Wegesrand\" width=\"169\" height=\"300\" srcset=\"https:\/\/www.wanderwegewelt.de\/blog\/wp-content\/uploads\/00000996-169x300.jpg 169w, https:\/\/www.wanderwegewelt.de\/blog\/wp-content\/uploads\/00000996.jpg 360w\" sizes=\"auto, (max-width: 169px) 100vw, 169px\" \/><\/a><figcaption id=\"caption-attachment-16843\" class=\"wp-caption-text\">Am Wegesrand<\/figcaption><\/figure>\n<p>Am Parkplatzende, dort wo die Karte steht, geht es an der linken Schranke vorbei in den K\u00f6nigsforst. Wer als Rollifahrer diese Stelle meistert, kann \u00fcbrigens diesen Weg auch mit dem Rollstuhl meistern, zumindest in Begleitung. Der breite Weg f\u00fchrt tiefer in den Wald hinein und m\u00fcndet in eine Wegespinne. Hier nach links wandern. An der n\u00e4chsten Kreuzung, mit der Schutzh\u00fctte &#8222;Am dicken Stock&#8220;, geht es rechts herum. An einer weiteren Kreuzung der Laufrichtung treu bleiben. Und auch die folgende Kreuzung wird geradeaus durchwandert. Abermals kreuzen sich Wege an einer Schutzh\u00fctte. Hier wendet man sich nun auf Asphalt nach rechts. Nun geht es eine ganze Weile geradeaus und leicht bergan. Erst an der n\u00e4chsten Kreuzung, mit der n\u00e4chsten Schutzh\u00fctte, biegt man rechts ab. Dann wird eine gro\u00dfe Wegespinne erreicht und diese geradeaus durchquert. An der folgenden Kreuzung nach rechts wenden. Eine weitere Kreuzung geradeaus durchwandern. Schlie\u00dflich erreicht man den &#8222;Rather Weiher&#8220; mit seinem eindrucksvollen Findling am Rande. Hier noch kurz weiter bis zum breiten Querweg, auf dem es nach links geht. Nun dauert es eine Weile bis man die n\u00e4chste Kreuzung erreicht. Dort rechts abbiegen. An der folgenden M\u00f6glichkeit links herum. Am kommenden Wegedreieck rechts abbiegen. Dieser Weg f\u00fchrt zur\u00fcck zum Parkplatz.<\/p>\n<p style=\"text-align: center;\"><span style=\"color: #00ff00;\">Der Weg ist Kinderwagengeeignet.<\/span><br \/>\n<span style=\"color: #00ff00;\">F\u00fcr Rollstuhlfahrer halte ich aufgrund des Untergrundes und leichter Steigungen einen Begleiter f\u00fcr vorteilhaft. Am Anfang k\u00f6nnte es etwas kniffelig sein die Schranke zu umfahren.<\/span><\/p>\n<div><div class='photonic-flickr-stream photonic-stream ' id='photonic-flickr-stream-1'>\n\n\t<div id='photonic-flickr-stream-1-container' class='title-display-none photonic-level-1-container sizes-present photonic-masonry-layout photonic-thumbnail-effect-none' data-photonic-platform=\"flickr\" data-photonic-gallery-columns=\"auto\" data-photonic-query=\"columns=auto&amp;layout=masonry&amp;display=local&amp;popup=hide&amp;filter=&amp;filter_type=include&amp;more=&amp;panel=&amp;custom_classes=&amp;alignment=&amp;photo_layout=square&amp;caption=none&amp;thumb_size=s&amp;main_size=b&amp;tile_size=same&amp;video_size=Video Original&amp;privacy_filter=&amp;count=500&amp;page=1&amp;paginate=&amp;collections_display=expanded&amp;user_id=61810381@N02&amp;collection_id=&amp;photoset_id=&amp;gallery_id=&amp;photo_id=&amp;media=photos&amp;type=flickr&amp;style=default&amp;view=photos&amp;tags=996&amp;tag_mode=any&amp;sort=date-taken-asc&amp;title_position=none&amp;fx=fade&amp;pause=1&amp;strip-style=thumbs&amp;controls=show&amp;iterate_level_3=1&amp;per_page=500&amp;photo_count=500&amp;overlay_size=s&amp;overlay_video_size=Video Original\">\n\t\t<figure class='photonic-level-1 photonic-thumb'>\n\t\t\t<a href='https:\/\/live.staticflickr.com\/65535\/32768131707_d56d60526a_c.jpg' title='' rel='lightbox-photonic-flickr-stream-1' class='photonic-lb photonic-baguettebox baguettebox' data-photonic-media-type=\"image\" data-content-type=\"image\" data-photonic-deep=\"gallery[photonic-flickr-stream-1]\/32768131707\/\" data-title=\"Tour 996 \u2013 K\u00f6ln-Rath \u2013 Auf dem A3 zum Rather Weiher\">\n\t\t\t\t<img alt='Tour 996 \u2013 K\u00f6ln-Rath \u2013 Auf dem A3 zum Rather Weiher' class='masonry' data-src='https:\/\/live.staticflickr.com\/65535\/32768131707_d56d60526a_c.jpg' loading='lazy' width='800' height='450' \/>\n\t\t\t<\/a>\n\t\t<\/figure>\n\t\t<figure class='photonic-level-1 photonic-thumb'>\n\t\t\t<a href='https:\/\/live.staticflickr.com\/65535\/32768132227_e70037f7ec_c.jpg' title='' rel='lightbox-photonic-flickr-stream-1' class='photonic-lb photonic-baguettebox baguettebox' data-photonic-media-type=\"image\" data-content-type=\"image\" data-photonic-deep=\"gallery[photonic-flickr-stream-1]\/32768132227\/\" data-title=\"Tour 996 \u2013 K\u00f6ln-Rath \u2013 Auf dem A3 zum Rather Weiher\">\n\t\t\t\t<img alt='Tour 996 \u2013 K\u00f6ln-Rath \u2013 Auf dem A3 zum Rather Weiher' class='masonry' data-src='https:\/\/live.staticflickr.com\/65535\/32768132227_e70037f7ec_c.jpg' loading='lazy' width='450' height='800' \/>\n\t\t\t<\/a>\n\t\t<\/figure>\n\t\t<figure class='photonic-level-1 photonic-thumb'>\n\t\t\t<a href='https:\/\/live.staticflickr.com\/65535\/32768132807_bfd8932935_c.jpg' title='' rel='lightbox-photonic-flickr-stream-1' class='photonic-lb photonic-baguettebox baguettebox' data-photonic-media-type=\"image\" data-content-type=\"image\" data-photonic-deep=\"gallery[photonic-flickr-stream-1]\/32768132807\/\" data-title=\"Tour 996 \u2013 K\u00f6ln-Rath \u2013 Auf dem A3 zum Rather Weiher\">\n\t\t\t\t<img alt='Tour 996 \u2013 K\u00f6ln-Rath \u2013 Auf dem A3 zum Rather Weiher' class='masonry' data-src='https:\/\/live.staticflickr.com\/65535\/32768132807_bfd8932935_c.jpg' loading='lazy' width='450' height='800' \/>\n\t\t\t<\/a>\n\t\t<\/figure>\n\t\t<figure class='photonic-level-1 photonic-thumb'>\n\t\t\t<a href='https:\/\/live.staticflickr.com\/65535\/40745069183_39bbe17b20_c.jpg' title='' rel='lightbox-photonic-flickr-stream-1' class='photonic-lb photonic-baguettebox baguettebox' data-photonic-media-type=\"image\" data-content-type=\"image\" data-photonic-deep=\"gallery[photonic-flickr-stream-1]\/40745069183\/\" data-title=\"Tour 996 \u2013 K\u00f6ln-Rath \u2013 Auf dem A3 zum Rather Weiher\">\n\t\t\t\t<img alt='Tour 996 \u2013 K\u00f6ln-Rath \u2013 Auf dem A3 zum Rather Weiher' class='masonry' data-src='https:\/\/live.staticflickr.com\/65535\/40745069183_39bbe17b20_c.jpg' loading='lazy' width='450' height='800' \/>\n\t\t\t<\/a>\n\t\t<\/figure>\n\t\t<figure class='photonic-level-1 photonic-thumb'>\n\t\t\t<a href='https:\/\/live.staticflickr.com\/65535\/40745069693_1887c4d56e_c.jpg' title='' rel='lightbox-photonic-flickr-stream-1' class='photonic-lb photonic-baguettebox baguettebox' data-photonic-media-type=\"image\" data-content-type=\"image\" data-photonic-deep=\"gallery[photonic-flickr-stream-1]\/40745069693\/\" data-title=\"Tour 996 \u2013 K\u00f6ln-Rath \u2013 Auf dem A3 zum Rather Weiher\">\n\t\t\t\t<img alt='Tour 996 \u2013 K\u00f6ln-Rath \u2013 Auf dem A3 zum Rather Weiher' class='masonry' data-src='https:\/\/live.staticflickr.com\/65535\/40745069693_1887c4d56e_c.jpg' loading='lazy' width='450' height='800' \/>\n\t\t\t<\/a>\n\t\t<\/figure>\n\t\t<figure class='photonic-level-1 photonic-thumb'>\n\t\t\t<a href='https:\/\/live.staticflickr.com\/65535\/40745070573_e40a169a18_c.jpg' title='' rel='lightbox-photonic-flickr-stream-1' class='photonic-lb photonic-baguettebox baguettebox' data-photonic-media-type=\"image\" data-content-type=\"image\" data-photonic-deep=\"gallery[photonic-flickr-stream-1]\/40745070573\/\" data-title=\"Tour 996 \u2013 K\u00f6ln-Rath \u2013 Auf dem A3 zum Rather Weiher\">\n\t\t\t\t<img alt='Tour 996 \u2013 K\u00f6ln-Rath \u2013 Auf dem A3 zum Rather Weiher' class='masonry' data-src='https:\/\/live.staticflickr.com\/65535\/40745070573_e40a169a18_c.jpg' loading='lazy' width='450' height='800' \/>\n\t\t\t<\/a>\n\t\t<\/figure>\n\t\t<figure class='photonic-level-1 photonic-thumb'>\n\t\t\t<a href='https:\/\/live.staticflickr.com\/65535\/40745071423_604b885cbd_c.jpg' title='' rel='lightbox-photonic-flickr-stream-1' class='photonic-lb photonic-baguettebox baguettebox' data-photonic-media-type=\"image\" data-content-type=\"image\" data-photonic-deep=\"gallery[photonic-flickr-stream-1]\/40745071423\/\" data-title=\"Tour 996 \u2013 K\u00f6ln-Rath \u2013 Auf dem A3 zum Rather Weiher\">\n\t\t\t\t<img alt='Tour 996 \u2013 K\u00f6ln-Rath \u2013 Auf dem A3 zum Rather Weiher' class='masonry' data-src='https:\/\/live.staticflickr.com\/65535\/40745071423_604b885cbd_c.jpg' loading='lazy' width='800' height='450' \/>\n\t\t\t<\/a>\n\t\t<\/figure>\n\t\t<figure class='photonic-level-1 photonic-thumb'>\n\t\t\t<a href='https:\/\/live.staticflickr.com\/65535\/40745072193_9b71d5debb_c.jpg' title='' rel='lightbox-photonic-flickr-stream-1' class='photonic-lb photonic-baguettebox baguettebox' data-photonic-media-type=\"image\" data-content-type=\"image\" data-photonic-deep=\"gallery[photonic-flickr-stream-1]\/40745072193\/\" data-title=\"Tour 996 \u2013 K\u00f6ln-Rath \u2013 Auf dem A3 zum Rather Weiher\">\n\t\t\t\t<img alt='Tour 996 \u2013 K\u00f6ln-Rath \u2013 Auf dem A3 zum Rather Weiher' class='masonry' data-src='https:\/\/live.staticflickr.com\/65535\/40745072193_9b71d5debb_c.jpg' loading='lazy' width='800' height='450' \/>\n\t\t\t<\/a>\n\t\t<\/figure>\n\t\t<figure class='photonic-level-1 photonic-thumb'>\n\t\t\t<a href='https:\/\/live.staticflickr.com\/65535\/40745072933_fe0b855654_c.jpg' title='' rel='lightbox-photonic-flickr-stream-1' class='photonic-lb photonic-baguettebox baguettebox' data-photonic-media-type=\"image\" data-content-type=\"image\" data-photonic-deep=\"gallery[photonic-flickr-stream-1]\/40745072933\/\" data-title=\"Tour 996 \u2013 K\u00f6ln-Rath \u2013 Auf dem A3 zum Rather Weiher\">\n\t\t\t\t<img alt='Tour 996 \u2013 K\u00f6ln-Rath \u2013 Auf dem A3 zum Rather Weiher' class='masonry' data-src='https:\/\/live.staticflickr.com\/65535\/40745072933_fe0b855654_c.jpg' loading='lazy' width='800' height='450' \/>\n\t\t\t<\/a>\n\t\t<\/figure>\n\t\t<figure class='photonic-level-1 photonic-thumb'>\n\t\t\t<a href='https:\/\/live.staticflickr.com\/65535\/40745074243_8b357edc90_c.jpg' title='' rel='lightbox-photonic-flickr-stream-1' class='photonic-lb photonic-baguettebox baguettebox' data-photonic-media-type=\"image\" data-content-type=\"image\" data-photonic-deep=\"gallery[photonic-flickr-stream-1]\/40745074243\/\" data-title=\"Tour 996 \u2013 K\u00f6ln-Rath \u2013 Auf dem A3 zum Rather Weiher\">\n\t\t\t\t<img alt='Tour 996 \u2013 K\u00f6ln-Rath \u2013 Auf dem A3 zum Rather Weiher' class='masonry' data-src='https:\/\/live.staticflickr.com\/65535\/40745074243_8b357edc90_c.jpg' loading='lazy' width='450' height='800' \/>\n\t\t\t<\/a>\n\t\t<\/figure>\n\t\t<figure class='photonic-level-1 photonic-thumb'>\n\t\t\t<a href='https:\/\/live.staticflickr.com\/65535\/40745074953_2bb2f056eb_c.jpg' title='' rel='lightbox-photonic-flickr-stream-1' class='photonic-lb photonic-baguettebox baguettebox' data-photonic-media-type=\"image\" data-content-type=\"image\" data-photonic-deep=\"gallery[photonic-flickr-stream-1]\/40745074953\/\" data-title=\"Tour 996 \u2013 K\u00f6ln-Rath \u2013 Auf dem A3 zum Rather Weiher\">\n\t\t\t\t<img alt='Tour 996 \u2013 K\u00f6ln-Rath \u2013 Auf dem A3 zum Rather Weiher' class='masonry' data-src='https:\/\/live.staticflickr.com\/65535\/40745074953_2bb2f056eb_c.jpg' loading='lazy' width='450' height='800' \/>\n\t\t\t<\/a>\n\t\t<\/figure>\n\t\t<figure class='photonic-level-1 photonic-thumb'>\n\t\t\t<a href='https:\/\/live.staticflickr.com\/65535\/40745075753_1b240ee009_c.jpg' title='' rel='lightbox-photonic-flickr-stream-1' class='photonic-lb photonic-baguettebox baguettebox' data-photonic-media-type=\"image\" data-content-type=\"image\" data-photonic-deep=\"gallery[photonic-flickr-stream-1]\/40745075753\/\" data-title=\"Tour 996 \u2013 K\u00f6ln-Rath \u2013 Auf dem A3 zum Rather Weiher\">\n\t\t\t\t<img alt='Tour 996 \u2013 K\u00f6ln-Rath \u2013 Auf dem A3 zum Rather Weiher' class='masonry' data-src='https:\/\/live.staticflickr.com\/65535\/40745075753_1b240ee009_c.jpg' loading='lazy' width='800' height='450' \/>\n\t\t\t<\/a>\n\t\t<\/figure>\n\n\t<\/div> <!-- .\/photonic-level-1-container -->\n\t<span id='photonic-flickr-stream-1-container-end'><\/span>\n<\/div><!-- .photonic-stream or .photonic-panel -->\n<\/div>\n <div class=\"brlbs-cmpnt-container brlbs-cmpnt-content-blocker brlbs-cmpnt-with-individual-styles\" data-borlabs-cookie-content-blocker-id=\"leaf\" data-borlabs-cookie-content=\"DQoJCTxkaXYgaWQ9IndwZ3B4bWFwc18xNjg0MF80MjQ3NDYyIiBjbGFzcz0id3BncHhtYXBzIj4NCgkJCTxkaXYgaWQ9Im1hcF8xNjg0MF80MjQ3NDYyX2NvbnQiIHN0eWxlPSJ3aWR0aDoxMDAlOyBoZWlnaHQ6NDUwcHg7cG9zaXRpb246cmVsYXRpdmUiID4NCgkJCQk8ZGl2IGlkPSJtYXBfMTY4NDBfNDI0NzQ2MiIgc3R5bGU9IndpZHRoOjEwMCU7IGhlaWdodDo0NTBweCI+PC9kaXY+DQoJCQkJPGRpdiBpZD0id3BncHhtYXBzXzE2ODQwXzQyNDc0NjJfb3NtX2Zvb3RlciIgY2xhc3M9IndwZ3B4bWFwc19vc21fZm9vdGVyIiBzdHlsZT0iZGlzcGxheTpub25lOyI+PHNwYW4+ICZjb3B5OyA8YSBocmVmPSJodHRwOi8vd3d3Lm9wZW5zdHJlZXRtYXAub3JnL2NvcHlyaWdodCI+T3BlblN0cmVldE1hcDwvYT4gY29udHJpYnV0b3JzPC9zcGFuPjwvZGl2Pg0KCQkJPC9kaXY+DQoJCQk8Y2FudmFzIGlkPSJteUNoYXJ0XzE2ODQwXzQyNDc0NjIiIGNsYXNzPSJwbG90IiBzdHlsZT0id2lkdGg6MTAwJTsgaGVpZ2h0OjIwMHB4Ij48L2NhbnZhcz4NCgkJCTxkaXYgaWQ9Im5naW1hZ2VzXzE2ODQwXzQyNDc0NjIiIGNsYXNzPSJuZ2ltYWdlcyIgc3R5bGU9ImRpc3BsYXk6bm9uZSI+PC9kaXY+DQoJCQk8ZGl2IGlkPSJyZXBvcnRfMTY4NDBfNDI0NzQ2MiIgY2xhc3M9InJlcG9ydCI+PC9kaXY+DQoJCTwvZGl2Pg0KCQkNCgkJPHNjcmlwdCB0eXBlPSJ0ZXh0L2phdmFzY3JpcHQiPg0KDQoJCQlqUXVlcnkoZG9jdW1lbnQpLnJlYWR5KGZ1bmN0aW9uKCkgew0KDQoJCQkJalF1ZXJ5KCAiI3dwZ3B4bWFwc18xNjg0MF80MjQ3NDYyIiApLndwZ3B4bWFwcyggew0KCQkJCQl0YXJnZXRJZCAgICAgICAgICAgOiAiMTY4NDBfNDI0NzQ2MiIsDQoJCQkJCW1hcFR5cGUgICAgICAgICAgICA6ICJPU00xIiwNCgkJCQkJbWFwRGF0YSAgICAgICAgICAgIDogW1s1MC45MzQxNTcwLDcuMTAxNjk1MF0sWzUwLjkzNDE3NzMsNy4xMDMzODMyXSxbNTAuOTM0MTc5NCw3LjEwMzc3MzNdLFs1MC45MzQxNDUwLDcuMTA1Mjc2NV0sWzUwLjkzNDExNTEsNy4xMDYxMDE2XSxbNTAuOTM0MjA4MCw3LjEwOTczMDBdLFs1MC45MzQwOTgxLDcuMTExOTQxM10sWzUwLjkzNDc3MzAsNy4xMTIxMzYwXSxbNTAuOTM0OTkxNyw3LjExMjE4NDZdLFs1MC45MzUzMjUwLDcuMTEyMzM2MF0sWzUwLjkzNjQwMTAsNy4xMTI3MDQwXSxbNTAuOTM3MTczMCw3LjExMzA1MTBdLFs1MC45Mzc3NDMwLDcuMTEzMTQ0MF0sWzUwLjkzODA1OTAsNy4xMTMyODcwXSxbNTAuOTM5Mzg4MCw3LjExMzk1OTBdLFs1MC45Mzk4NjUwLDcuMTE0MTY1MF0sWzUwLjkzODk0NDAsNy4xMTUyMTIwXSxbNTAuOTM4NDE5MCw3LjExNjA0MTBdLFs1MC45MzgyMzQ4LDcuMTE2NDE1MV0sWzUwLjkzODA2NjAsNy4xMTY4MjkwXSxbNTAuOTM3MTM3MCw3LjExODQ4MzBdLFs1MC45MzcwNTAwLDcuMTE4ODY4MF0sWzUwLjkzNjk3MzAsNy4xMTg5NjAyXSxbNTAuOTM2ODQ5MCw3LjExOTMxODBdLFs1MC45MzY3MjEzLDcuMTE5NDk3OV0sWzUwLjkzNjM5MzcsNy4xMjAxODQ3XSxbNTAuOTM2MjQ4MCw3LjEyMDU2MDBdLFs1MC45MzU3MTk3LDcuMTIxMzEzNV0sWzUwLjkzNTI3MzAsNy4xMjE5ODIwXSxbNTAuOTM1MDgzMCw3LjEyMjQ5ODBdLFs1MC45MzM2ODIwLDcuMTI5MzgwMF0sWzUwLjkzMjU5NDAsNy4xMjkwNDIwXSxbNTAuOTMwODM0MCw3LjEyOTExMzBdLFs1MC45MzA1MjIwLDcuMTI5NDM0MF0sWzUwLjkyOTg4NDAsNy4xMjk4MDYwXSxbNTAuOTI3ODY4MSw3LjEzMDUxNjVdLFs1MC45Mjc3NTExLDcuMTMwNTY4OV0sWzUwLjkyNzIwODAsNy4xMzA4NDQwXSxbNTAuOTI2ODM4MCw3LjEzMDk4NDBdLFs1MC45MjY3MjU5LDcuMTMwOTgyMl0sWzUwLjkyNTU1NzAsNy4xMzEwNTQwXSxbNTAuOTI0MTQ5MCw3LjEzMTUyOTBdLFs1MC45MjQxNzUwLDcuMTMxMjY0MF0sWzUwLjkyNDAyMDMsNy4xMzA2ODEzXSxbNTAuOTIzODI5Nyw3LjEyOTQzMDJdLFs1MC45MjM4NzgwLDcuMTI4Mjk2MF0sWzUwLjkyNDUxNDAsNy4xMjUxNTEwXSxbNTAuOTI0MzcyNyw3LjEyNDc2ODZdLFs1MC45MjQxOTUwLDcuMTI0MjY1MF0sWzUwLjkyMzgyMjgsNy4xMjMwOTA3XSxbNTAuOTIzNTg1MCw3LjEyMjAzNjBdLFs1MC45MjMxMDcwLDcuMTIwMjYwMF0sWzUwLjkyMjkyOTAsNy4xMjAyMTEwXSxbNTAuOTIyNzg5MCw3LjExOTU1MDBdLFs1MC45MjIwODEwLDcuMTE2ODQ5MF0sWzUwLjkyMjI1NjAsNy4xMTY1NDIwXSxbNTAuOTIyNzE4MCw3LjExNjQyMTBdLFs1MC45MjM0NTEwLDcuMTE2NTI1MF0sWzUwLjkyNzYzMDAsNy4xMTc0MDYwXSxbNTAuOTI4NjU3MCw3LjExNjg4MzBdLFs1MC45Mjg0ODM0LDcuMTE0NzA1OF0sWzUwLjkyODQ4OTAsNy4xMTQwNDk1XSxbNTAuOTI4NTU1MCw3LjExMTQzMjBdLFs1MC45Mjg5NDAxLDcuMTA5NzM4N10sWzUwLjkzMDYwMjYsNy4xMTA0MDgzXSxbNTAuOTMwNjc1NCw3LjEwOTc4MzFdLFs1MC45MzA3MzkwLDcuMTA5NDA0MF0sWzUwLjkzMDc3NzksNy4xMDg5Nzg4XSxbNTAuOTMwODU5OSw3LjEwODQyNzhdLFs1MC45MzA5Mzg0LDcuMTA3NTkxNF0sWzUwLjkzMDk4MjUsNy4xMDcyODA2XSxbNTAuOTMxMDI2OCw3LjEwNzAwNjNdLFs1MC45MzEwOTYwLDcuMTA2NTMyNV0sWzUwLjkzMTA4NjMsNy4xMDU1NTI5XSxbNTAuOTMxMTEyNSw3LjEwNDg5NTJdLFs1MC45MzExMDYwLDcuMTA0Njc2MF0sWzUwLjkzMTExMDUsNy4xMDM2ODQxXSxbNTAuOTMxNzQxMiw3LjEwNDExNjZdLFs1MC45MzMxNTEwLDcuMTAyNzY4MF0sWzUwLjkzMzM2MzMsNy4xMDI1NzczXSxbNTAuOTMzNzE4MCw3LjEwMjEzNjBdLFs1MC45MzQyNTAwLDcuMTAxOTk3MF0sWzUwLjkzNDA2MzAsNy4xMDE2NDQwXV0sDQoJCQkJCWdyYXBoRGlzdCAgICAgICAgICA6IFswLjAwLDEyNy4wMCwxNTQuMzUsMjY1LjYyLDMzNC4yOCw1ODguNzgsNzQ0Ljc3LDgyMS4wNSw4NTcuNzYsOTAwLjczLDEwMjQuNzksMTExNC45OCwxMTc4LjY5LDEyMTUuMjIsMTM3MC45MCwxNDMwLjg3LDE1NTguNjEsMTY0MC45OCwxNzAwLjA0LDE3NTkuODIsMTkxNS4yMSwxOTQ0LjkxLDE5NTUuNjYsMTk4NC41OCwyMDA1LjMwLDIwNzAuNTUsMjEwMS45OSwyMTgwLjk2LDIyNTEuNTIsMjI5OC41NSwyODA1LjM3LDI5MjkuNDMsMzEyNi43MywzMTcxLjEwLDMyNDYuNzcsMzQ3Ny4yMiwzNTI3LjA5LDM2MTUuOTYsMzY2NC45OCwzNjg3LjEyLDM4MTguMzcsMzk3OC40MSwzOTk3LjUxLDQwNTAuMzAsNDE0NC4yMCw0MjI0LjA4LDQ0NTUuNjAsNDQ4OS4zNSw0NTMwLjI5LDQ2MjIuNDgsNDcwMS42OSw0ODM3LjQyLDQ4NjQuODYsNDkxOS4xMyw1MTI0LjMzLDUxNjMuNDgsNTIyMi43Myw1MzA0Ljc0LDU3NzMuNDUsNTg5My41NSw2MDQ3LjM4LDYwOTMuNDEsNjI3Ni45Nyw2NDA1LjI3LDY1OTYuODYsNjY0MS40Nyw2Njg2LjYxLDY3MTguODcsNjc2NS4wOCw2ODI0LjMzLDY4NTIuOTQsNjg3OS4wMSw2OTEzLjA4LDY5ODcuNTYsNzAzMy44Myw3MDY3LjcyLDcxMzcuMjMsNzIxOC40MSw3NDAxLjY0LDc0MzQuNzAsNzQ4OC45OSw3NTUyLjQwLDc1ODQuNzFdLA0KCQkJCQlncmFwaEVsZSAgICAgICAgICAgOiBbNDAuODAsODcuMDAsODUuOTAsNTAuMjAsODcuMTAsODEuMDAsOTQuNTAsOTYuMjAsNjguOTAsODcuOTAsMTA4LjMwLDk1LjAwLDkzLjgwLDk0LjMwLDgwLjUwLDEwNC41MCw4My4yMCw4NS43MCwzNi45MCw4NS43MCw5My4wMCw4NS4yMCw4NS45MCw4MS42MCw3My4zMCw5OC4xMCw5Mi4yMCw5Mi40MCw3NC41MCw5NS45MCw4NC41MCw5OC43MCwxMjMuNjAsMTA3LjUwLDExMS41MCw5MS40MCwxMzkuNDAsNzcuMTAsMTAxLjkwLDgzLjYwLDEwMS4zMCw5OS4yMCw5NS44MCw2Ny4xMCw5My4yMCw5OS4xMCw5My42MCw4MC40MCw4Ni44MCw5MC43MCw4MC4xMCw5MC41MCw3MS44MCw5NS40MCw4Ni4zMCwxMTIuNjAsODQuMzAsNzguNjAsODQuNzAsOTEuNTAsODcuMzAsODkuMTAsODguMjAsNjQuNzAsODMuMzAsODUuNzAsNDkuOTAsNjEuNTAsODUuMjAsODQuNjAsNjYuNzAsNDkuODAsNDkuODAsNzguNzAsODEuNjAsNTEuNDAsNTAuMTAsNzcuNjAsNjguNzAsNDkuODAsNzAuNzAsNTAuMDAsNDkuODBdLA0KCQkJCQlncmFwaFNwZWVkICAgICAgICAgOiBbXSwNCgkJCQkJZ3JhcGhIciAgICAgICAgICAgIDogW10sDQoJCQkJCWdyYXBoQXRlbXAgICAgICAgICA6IFtdLA0KCQkJCQlncmFwaENhZCAgICAgICAgICAgOiBbXSwNCgkJCQkJZ3JhcGhHcmFkZSAgICAgICAgIDogW10sDQoJCQkJCXdheXBvaW50cyAgICAgICAgICA6IFtdLA0KCQkJCQl1bml0ICAgICAgICAgICAgICAgOiAiMCIsDQoJCQkJCXVuaXRzcGVlZCAgICAgICAgICA6ICIwIiwNCgkJCQkJY29sb3IxICAgICAgICAgICAgIDogWyIjMzM2NmNjIl0sDQoJCQkJCWNvbG9yMiAgICAgICAgICAgICA6ICIjMzM2NmNjIiwNCgkJCQkJY29sb3IzICAgICAgICAgICAgIDogIiNmZjAwMDAiLA0KCQkJCQljb2xvcjQgICAgICAgICAgICAgOiAiI2ZmNzdiZCIsDQoJCQkJCWNvbG9yNSAgICAgICAgICAgICA6ICIjYmVlY2ZmIiwNCgkJCQkJY29sb3I2ICAgICAgICAgICAgIDogIiNiZWVjZmYiLA0KCQkJCQljb2xvcjcgICAgICAgICAgICAgOiAiI2ZmNzdiZCIsDQoJCQkJCWNoYXJ0RnJvbTEgICAgICAgICA6ICIiLA0KCQkJCQljaGFydFRvMSAgICAgICAgICAgOiAiIiwNCgkJCQkJY2hhcnRGcm9tMiAgICAgICAgIDogIiIsDQoJCQkJCWNoYXJ0VG8yICAgICAgICAgICA6ICIiLA0KCQkJCQlzdGFydEljb24gICAgICAgICAgOiAiaHR0cHM6Ly93d3cud2FuZGVyd2VnZXdlbHQuZGUvYmxvZy93cC1jb250ZW50L3VwbG9hZHMvcmVkX3Bpbi5wbmciLA0KCQkJCQllbmRJY29uICAgICAgICAgICAgOiAiIiwNCgkJCQkJY3VycmVudEljb24gICAgICAgIDogIiIsDQoJCQkJCXdheXBvaW50SWNvbiAgICAgICA6ICIiLA0KCQkJCQljdXJyZW50cG9zaXRpb25jb24gOiAiIiwNCgkJCQkJdXNlZ3BzcG9zaXRpb24gICAgIDogIiIsDQoJCQkJCXpvb21PblNjcm9sbFdoZWVsICA6ICIiLA0KCQkJCQluZ0dhbGxlcmllcyAgICAgICAgOiBbXSwNCgkJCQkJbmdJbWFnZXMgICAgICAgICAgIDogW10sDQoJCQkJCXBsdWdpblVybCAgICAgICAgICA6ICJodHRwczovL3d3dy53YW5kZXJ3ZWdld2VsdC5kZS9ibG9nL3dwLWNvbnRlbnQvcGx1Z2lucyIsDQoJCQkJCVRGQXBpS2V5ICAgICAgICAgICA6ICIiLA0KCQkJCQlNYXBCb3hBcGlLZXkgICAgICAgICAgIDogIiIsDQoJCQkJCWxhbmdzICAgICAgICAgICAgICA6IHsNCgkJCQkJCWFsdGl0dWRlICAgICAgICA6ICJIw7ZoZSIsDQoJCQkJCQljdXJyZW50UG9zaXRpb24gOiAiQWt0dWVsbGUgUG9zaXRpb24iLA0KCQkJCQkJc3BlZWQgICAgICAgICAgIDogIkdlc2Nod2luZGlna2VpdCIsDQoJCQkJCQlncmFkZSAgICAgICAgICAgOiAiU3RlaWd1bmciLA0KCQkJCQkJaGVhcnRSYXRlICAgICAgIDogIkhlcnpmcmVxdWVueiIsDQoJCQkJCQlhdGVtcCAgICAgICAgICAgOiAiVGVtcGVyYXR1ciIsDQoJCQkJCQljYWRlbmNlICAgICAgICAgOiAiVHJpdHRmcmVxdWVueiIsDQoJCQkJCQlnb0Z1bGxTY3JlZW4gICAgOiAiVm9sbGJpbGRhbnNpY2h0IiwNCgkJCQkJCWV4aXRGdWxsRmNyZWVuICA6ICJWb2xsYmlsZCB2ZXJsYXNzZW4iLA0KCQkJCQkJaGlkZUltYWdlcyAgICAgIDogIkJpbGRlciB2ZXJiZXJnZW4iLA0KCQkJCQkJc2hvd0ltYWdlcyAgICAgIDogIkJpbGRlciB6ZWlnZW4iLA0KCQkJCQkJYmFja1RvQ2VudGVyCTogIlp1csO8Y2sgenVyIE1pdHRlIg0KCQkJCQl9DQoJCQkJfSk7DQoNCgkJCX0pOw0KDQoJCTwvc2NyaXB0PkRvd25sb2FkIGZpbGU6IDxhIGhyZWY9J2h0dHBzOi8vd3d3LndhbmRlcndlZ2V3ZWx0LmRlL2Jsb2cvd3AtY29udGVudC91cGxvYWRzLzAwMDAwOTk2LmdweCcgdGFyZ2V0PSdfbmV3JyBkb3dubG9hZD4wMDAwMDk5Ni5ncHg8L2E+IA==\"><div class=\"brlbs-cmpnt-cb-preset-a\"> <p class=\"brlbs-cmpnt-cb-description\">Hier k\u00f6nnen Sie sich die Karte anschauen und den GPX-Track herunterladen. Bitte beachten Sie, dass dabei Daten an Drittanbieter weitergegeben werden.<\/p> <div class=\"brlbs-cmpnt-cb-buttons\"> <a class=\"brlbs-cmpnt-cb-btn\" href=\"#\" data-borlabs-cookie-unblock role=\"button\">Inhalt einmalig entsperren<\/a> <a class=\"brlbs-cmpnt-cb-btn\" href=\"#\" data-borlabs-cookie-accept-service role=\"button\" style=\"display: inherit\">Erforderlichen Service akzeptieren und Inhalte auch f\u00fcr die Zukunft entsperren<\/a> <\/div> <a class=\"brlbs-cmpnt-cb-provider-toggle\" href=\"#\" data-borlabs-cookie-show-provider-information role=\"button\">Weitere Informationen<\/a> <\/div><\/div>\n<div class=\"shariff shariff-align-left shariff-widget-align-left\" data-services=\"facebook%7Cpinterest%7Creddit%7Cvk\" data-url=\"https:\/\/www.wanderwegewelt.de\/blog\/tour-996-koeln-rath-auf-dem-a3-zum-rather-weiher\/\" data-timestamp=\"1752011669\" data-backendurl=\"https:\/\/www.wanderwegewelt.de\/blog\/wp-json\/shariff\/v1\/share_counts?\"><ul class=\"shariff-buttons theme-round orientation-horizontal buttonsize-large\"><li class=\"shariff-button facebook shariff-nocustomcolor\" style=\"background-color:#4273c8;border-radius:20%\"><a href=\"https:\/\/www.facebook.com\/sharer\/sharer.php?u=https%3A%2F%2Fwww.wanderwegewelt.de%2Fblog%2Ftour-996-koeln-rath-auf-dem-a3-zum-rather-weiher%2F\" title=\"Bei Facebook teilen\" aria-label=\"Bei Facebook teilen\" role=\"button\" rel=\"nofollow\" class=\"shariff-link\" style=\";border-radius:20%; background-color:#3b5998; color:#fff\" target=\"_blank\"><span class=\"shariff-icon\" style=\"\"><svg width=\"32px\" height=\"20px\" xmlns=\"http:\/\/www.w3.org\/2000\/svg\" viewBox=\"0 0 18 32\"><path fill=\"#3b5998\" d=\"M17.1 0.2v4.7h-2.8q-1.5 0-2.1 0.6t-0.5 1.9v3.4h5.2l-0.7 5.3h-4.5v13.6h-5.5v-13.6h-4.5v-5.3h4.5v-3.9q0-3.3 1.9-5.2t5-1.8q2.6 0 4.1 0.2z\"\/><\/svg><\/span><span data-service=\"facebook\" style=\"color:#3b5998\" class=\"shariff-count shariff-hidezero\"><\/span>&nbsp;<\/a><\/li><li class=\"shariff-button twitter shariff-nocustomcolor\" style=\"background-color:#595959;border-radius:20%\"><a href=\"https:\/\/twitter.com\/share?url=https%3A%2F%2Fwww.wanderwegewelt.de%2Fblog%2Ftour-996-koeln-rath-auf-dem-a3-zum-rather-weiher%2F&text=Tour%20996%20%E2%80%93%20K%C3%B6ln-Rath%20%E2%80%93%20Auf%20dem%20A3%20zum%20Rather%20Weiher&via=wanderwegewelt\" title=\"Bei X teilen\" aria-label=\"Bei X teilen\" role=\"button\" rel=\"noopener nofollow\" class=\"shariff-link\" style=\";border-radius:20%; background-color:#000; color:#fff\" target=\"_blank\"><span class=\"shariff-icon\" style=\"\"><svg width=\"32px\" height=\"20px\" xmlns=\"http:\/\/www.w3.org\/2000\/svg\" viewBox=\"0 0 24 24\"><path fill=\"#000\" d=\"M14.258 10.152L23.176 0h-2.113l-7.747 8.813L7.133 0H0l9.352 13.328L0 23.973h2.113l8.176-9.309 6.531 9.309h7.133zm-2.895 3.293l-.949-1.328L2.875 1.56h3.246l6.086 8.523.945 1.328 7.91 11.078h-3.246zm0 0\"\/><\/svg><\/span><\/a><\/li><li class=\"shariff-button mastodon shariff-nocustomcolor\" style=\"background-color:#563ACC;border-radius:20%\"><a href=\"https:\/\/s2f.kytta.dev\/?text=Tour%20996%20%E2%80%93%20K%C3%B6ln-Rath%20%E2%80%93%20Auf%20dem%20A3%20zum%20Rather%20Weiher https%3A%2F%2Fwww.wanderwegewelt.de%2Fblog%2Ftour-996-koeln-rath-auf-dem-a3-zum-rather-weiher%2F\" title=\"Bei Mastodon teilen\" aria-label=\"Bei Mastodon teilen\" role=\"button\" rel=\"noopener nofollow\" class=\"shariff-link\" style=\";border-radius:20%; background-color:#6364FF; color:#fff\" target=\"_blank\"><span class=\"shariff-icon\" style=\"\"><svg width=\"75\" height=\"79\" viewBox=\"0 0 75 79\" fill=\"none\" xmlns=\"http:\/\/www.w3.org\/2000\/svg\"><path d=\"M37.813-.025C32.462-.058 27.114.13 21.79.598c-8.544.621-17.214 5.58-20.203 13.931C-1.12 23.318.408 32.622.465 41.65c.375 7.316.943 14.78 3.392 21.73 4.365 9.465 14.781 14.537 24.782 15.385 7.64.698 15.761-.213 22.517-4.026a54.1 54.1 0 0 0 .01-6.232c-6.855 1.316-14.101 2.609-21.049 1.074-3.883-.88-6.876-4.237-7.25-8.215-1.53-3.988 3.78-.43 5.584-.883 9.048 1.224 18.282.776 27.303-.462 7.044-.837 14.26-4.788 16.65-11.833 2.263-6.135 1.215-12.79 1.698-19.177.06-3.84.09-7.692-.262-11.52C72.596 7.844 63.223.981 53.834.684a219.453 219.453 0 0 0-16.022-.71zm11.294 12.882c5.5-.067 10.801 4.143 11.67 9.653.338 1.48.471 3 .471 4.515v21.088h-8.357c-.07-7.588.153-15.182-.131-22.765-.587-4.368-7.04-5.747-9.672-2.397-2.422 3.04-1.47 7.155-1.67 10.735v6.392h-8.307c-.146-4.996.359-10.045-.404-15.002-1.108-4.218-7.809-5.565-10.094-1.666-1.685 3.046-.712 6.634-.976 9.936v14.767h-8.354c.109-8.165-.238-16.344.215-24.5.674-5.346 5.095-10.389 10.676-10.627 4.902-.739 10.103 2.038 12.053 6.631.375 1.435 1.76 1.932 1.994.084 1.844-3.704 5.501-6.739 9.785-6.771.367-.044.735-.068 1.101-.073z\"\/><defs><linearGradient id=\"paint0_linear_549_34\" x1=\"37.0692\" y1=\"0\" x2=\"37.0692\" y2=\"79\" gradientUnits=\"userSpaceOnUse\"><stop stop-color=\"#6364FF\"\/><stop offset=\"1\" stop-color=\"#563ACC\"\/><\/linearGradient><\/defs><\/svg><\/span><\/a><\/li><li class=\"shariff-button whatsapp shariff-nocustomcolor shariff-mobile\" style=\"background-color:#5cbe4a;border-radius:20%\"><a href=\"https:\/\/api.whatsapp.com\/send?text=https%3A%2F%2Fwww.wanderwegewelt.de%2Fblog%2Ftour-996-koeln-rath-auf-dem-a3-zum-rather-weiher%2F%20Tour%20996%20%E2%80%93%20K%C3%B6ln-Rath%20%E2%80%93%20Auf%20dem%20A3%20zum%20Rather%20Weiher\" title=\"Bei Whatsapp teilen\" aria-label=\"Bei Whatsapp teilen\" role=\"button\" rel=\"noopener nofollow\" class=\"shariff-link\" style=\";border-radius:20%; background-color:#34af23; color:#fff\" target=\"_blank\"><span class=\"shariff-icon\" style=\"\"><svg width=\"32px\" height=\"20px\" xmlns=\"http:\/\/www.w3.org\/2000\/svg\" viewBox=\"0 0 32 32\"><path fill=\"#34af23\" d=\"M17.6 17.4q0.2 0 1.7 0.8t1.6 0.9q0 0.1 0 0.3 0 0.6-0.3 1.4-0.3 0.7-1.3 1.2t-1.8 0.5q-1 0-3.4-1.1-1.7-0.8-3-2.1t-2.6-3.3q-1.3-1.9-1.3-3.5v-0.1q0.1-1.6 1.3-2.8 0.4-0.4 0.9-0.4 0.1 0 0.3 0t0.3 0q0.3 0 0.5 0.1t0.3 0.5q0.1 0.4 0.6 1.6t0.4 1.3q0 0.4-0.6 1t-0.6 0.8q0 0.1 0.1 0.3 0.6 1.3 1.8 2.4 1 0.9 2.7 1.8 0.2 0.1 0.4 0.1 0.3 0 1-0.9t0.9-0.9zM14 26.9q2.3 0 4.3-0.9t3.6-2.4 2.4-3.6 0.9-4.3-0.9-4.3-2.4-3.6-3.6-2.4-4.3-0.9-4.3 0.9-3.6 2.4-2.4 3.6-0.9 4.3q0 3.6 2.1 6.6l-1.4 4.2 4.3-1.4q2.8 1.9 6.2 1.9zM14 2.2q2.7 0 5.2 1.1t4.3 2.9 2.9 4.3 1.1 5.2-1.1 5.2-2.9 4.3-4.3 2.9-5.2 1.1q-3.5 0-6.5-1.7l-7.4 2.4 2.4-7.2q-1.9-3.2-1.9-6.9 0-2.7 1.1-5.2t2.9-4.3 4.3-2.9 5.2-1.1z\"\/><\/svg><\/span><\/a><\/li><li class=\"shariff-button threema shariff-nocustomcolor shariff-mobile\" style=\"background-color:#4fbc24;border-radius:20%\"><a href=\"threema:\/\/compose?text=Tour%20996%20%E2%80%93%20K%C3%B6ln-Rath%20%E2%80%93%20Auf%20dem%20A3%20zum%20Rather%20Weiher%20https%3A%2F%2Fwww.wanderwegewelt.de%2Fblog%2Ftour-996-koeln-rath-auf-dem-a3-zum-rather-weiher%2F\" title=\"Bei Threema teilen\" aria-label=\"Bei Threema teilen\" role=\"button\" rel=\"noopener nofollow\" class=\"shariff-link\" style=\";border-radius:20%; background-color:#1f1f1f; color:#fff\" target=\"_blank\"><span class=\"shariff-icon\" style=\"\"><svg width=\"32px\" height=\"20px\" xmlns=\"http:\/\/www.w3.org\/2000\/svg\" viewBox=\"0 0 32 32\"><path fill=\"#1f1f1f\" d=\"M30.8 10.9c-0.3-1.4-0.9-2.6-1.8-3.8-2-2.6-5.5-4.5-9.4-5.2-1.3-0.2-1.9-0.3-3.5-0.3s-2.2 0-3.5 0.3c-4 0.7-7.4 2.6-9.4 5.2-0.9 1.2-1.5 2.4-1.8 3.8-0.1 0.5-0.2 1.2-0.2 1.6 0 0.4 0.1 1.1 0.2 1.6 0.4 1.9 1.3 3.4 2.9 5 0.8 0.8 0.8 0.8 0.7 1.3 0 0.6-0.5 1.6-1.7 3.6-0.3 0.5-0.5 0.9-0.5 0.9 0 0.1 0.1 0.1 0.5 0 0.8-0.2 2.3-0.6 5.6-1.6 1.1-0.3 1.3-0.4 2.3-0.4 0.8 0 1.1 0 2.3 0.2 1.5 0.2 3.5 0.2 4.9 0 5.1-0.6 9.3-2.9 11.4-6.3 0.5-0.9 0.9-1.8 1.1-2.8 0.1-0.5 0.2-1.1 0.2-1.6 0-0.7-0.1-1.1-0.2-1.6-0.3-1.4 0.1 0.5 0 0zM20.6 17.3c0 0.4-0.4 0.8-0.8 0.8h-7.7c-0.4 0-0.8-0.4-0.8-0.8v-4.6c0-0.4 0.4-0.8 0.8-0.8h0.2l0-1.6c0-0.9 0-1.8 0.1-2 0.1-0.6 0.6-1.2 1.1-1.7s1.1-0.7 1.9-0.8c1.8-0.3 3.7 0.7 4.2 2.2 0.1 0.3 0.1 0.7 0.1 2.1v0 1.7h0.1c0.4 0 0.8 0.4 0.8 0.8v4.6zM15.6 7.3c-0.5 0.1-0.8 0.3-1.2 0.6s-0.6 0.8-0.7 1.3c0 0.2 0 0.8 0 1.5l0 1.2h4.6v-1.3c0-1 0-1.4-0.1-1.6-0.3-1.1-1.5-1.9-2.6-1.7zM25.8 28.2c0 1.2-1 2.2-2.1 2.2s-2.1-1-2.1-2.1c0-1.2 1-2.1 2.2-2.1s2.2 1 2.2 2.2zM18.1 28.2c0 1.2-1 2.2-2.1 2.2s-2.1-1-2.1-2.1c0-1.2 1-2.1 2.2-2.1s2.2 1 2.2 2.2zM10.4 28.2c0 1.2-1 2.2-2.1 2.2s-2.1-1-2.1-2.1c0-1.2 1-2.1 2.2-2.1s2.2 1 2.2 2.2z\"\/><\/svg><\/span><\/a><\/li><li class=\"shariff-button pinterest shariff-nocustomcolor\" style=\"background-color:#e70f18;border-radius:20%\"><a href=\"https:\/\/www.pinterest.com\/pin\/create\/link\/?url=https%3A%2F%2Fwww.wanderwegewelt.de%2Fblog%2Ftour-996-koeln-rath-auf-dem-a3-zum-rather-weiher%2F&media=https%3A%2F%2Fwww.wanderwegewelt.de%2Fblog%2Fwp-content%2Fuploads%2F00000996.jpg&description=Tour%20996%20%E2%80%93%20K%C3%B6ln-Rath%20%E2%80%93%20Auf%20dem%20A3%20zum%20Rather%20Weiher\" title=\"Bei Pinterest pinnen\" aria-label=\"Bei Pinterest pinnen\" role=\"button\" rel=\"noopener nofollow\" class=\"shariff-link\" style=\";border-radius:20%; background-color:#cb2027; color:#fff\" target=\"_blank\"><span class=\"shariff-icon\" style=\"\"><svg width=\"32px\" height=\"20px\" xmlns=\"http:\/\/www.w3.org\/2000\/svg\" viewBox=\"0 0 27 32\"><path fill=\"#cb2027\" d=\"M27.4 16q0 3.7-1.8 6.9t-5 5-6.9 1.9q-2 0-3.9-0.6 1.1-1.7 1.4-2.9 0.2-0.6 1-3.8 0.4 0.7 1.3 1.2t2 0.5q2.1 0 3.8-1.2t2.7-3.4 0.9-4.8q0-2-1.1-3.8t-3.1-2.9-4.5-1.2q-1.9 0-3.5 0.5t-2.8 1.4-2 2-1.2 2.3-0.4 2.4q0 1.9 0.7 3.3t2.1 2q0.5 0.2 0.7-0.4 0-0.1 0.1-0.5t0.2-0.5q0.1-0.4-0.2-0.8-0.9-1.1-0.9-2.7 0-2.7 1.9-4.6t4.9-2q2.7 0 4.2 1.5t1.5 3.8q0 3-1.2 5.2t-3.1 2.1q-1.1 0-1.7-0.8t-0.4-1.9q0.1-0.6 0.5-1.7t0.5-1.8 0.2-1.4q0-0.9-0.5-1.5t-1.4-0.6q-1.1 0-1.9 1t-0.8 2.6q0 1.3 0.4 2.2l-1.8 7.5q-0.3 1.2-0.2 3.2-3.7-1.6-6-5t-2.3-7.6q0-3.7 1.9-6.9t5-5 6.9-1.9 6.9 1.9 5 5 1.8 6.9z\"\/><\/svg><\/span><span data-service=\"pinterest\" style=\"color:#cb2027\" class=\"shariff-count\"> 0<\/span>&nbsp;<\/a><\/li><li class=\"shariff-button xing shariff-nocustomcolor\" style=\"background-color:#29888a;border-radius:20%\"><a href=\"https:\/\/www.xing.com\/spi\/shares\/new?url=https%3A%2F%2Fwww.wanderwegewelt.de%2Fblog%2Ftour-996-koeln-rath-auf-dem-a3-zum-rather-weiher%2F\" title=\"Bei XING teilen\" aria-label=\"Bei XING teilen\" role=\"button\" rel=\"noopener nofollow\" class=\"shariff-link\" style=\";border-radius:20%; background-color:#126567; color:#fff\" target=\"_blank\"><span class=\"shariff-icon\" style=\"\"><svg width=\"32px\" height=\"20px\" xmlns=\"http:\/\/www.w3.org\/2000\/svg\" viewBox=\"0 0 25 32\"><path fill=\"#126567\" d=\"M10.7 11.9q-0.2 0.3-4.6 8.2-0.5 0.8-1.2 0.8h-4.3q-0.4 0-0.5-0.3t0-0.6l4.5-8q0 0 0 0l-2.9-5q-0.2-0.4 0-0.7 0.2-0.3 0.5-0.3h4.3q0.7 0 1.2 0.8zM25.1 0.4q0.2 0.3 0 0.7l-9.4 16.7 6 11q0.2 0.4 0 0.6-0.2 0.3-0.6 0.3h-4.3q-0.7 0-1.2-0.8l-6-11.1q0.3-0.6 9.5-16.8 0.4-0.8 1.2-0.8h4.3q0.4 0 0.5 0.3z\"\/><\/svg><\/span><\/a><\/li><li class=\"shariff-button linkedin shariff-nocustomcolor\" style=\"background-color:#1488bf;border-radius:20%\"><a href=\"https:\/\/www.linkedin.com\/sharing\/share-offsite\/?url=https%3A%2F%2Fwww.wanderwegewelt.de%2Fblog%2Ftour-996-koeln-rath-auf-dem-a3-zum-rather-weiher%2F\" title=\"Bei LinkedIn teilen\" aria-label=\"Bei LinkedIn teilen\" role=\"button\" rel=\"noopener nofollow\" class=\"shariff-link\" style=\";border-radius:20%; background-color:#0077b5; color:#fff\" target=\"_blank\"><span class=\"shariff-icon\" style=\"\"><svg width=\"32px\" height=\"20px\" xmlns=\"http:\/\/www.w3.org\/2000\/svg\" viewBox=\"0 0 27 32\"><path fill=\"#0077b5\" d=\"M6.2 11.2v17.7h-5.9v-17.7h5.9zM6.6 5.7q0 1.3-0.9 2.2t-2.4 0.9h0q-1.5 0-2.4-0.9t-0.9-2.2 0.9-2.2 2.4-0.9 2.4 0.9 0.9 2.2zM27.4 18.7v10.1h-5.9v-9.5q0-1.9-0.7-2.9t-2.3-1.1q-1.1 0-1.9 0.6t-1.2 1.5q-0.2 0.5-0.2 1.4v9.9h-5.9q0-7.1 0-11.6t0-5.3l0-0.9h5.9v2.6h0q0.4-0.6 0.7-1t1-0.9 1.6-0.8 2-0.3q3 0 4.9 2t1.9 6z\"\/><\/svg><\/span><\/a><\/li><li class=\"shariff-button reddit shariff-nocustomcolor\" style=\"background-color:#ff5700;border-radius:20%\"><a href=\"https:\/\/www.reddit.com\/submit?url=https%3A%2F%2Fwww.wanderwegewelt.de%2Fblog%2Ftour-996-koeln-rath-auf-dem-a3-zum-rather-weiher%2F\" title=\"Bei Reddit teilen\" aria-label=\"Bei Reddit teilen\" role=\"button\" rel=\"noopener nofollow\" class=\"shariff-link\" style=\";border-radius:20%; background-color:#ff4500; color:#fff\" target=\"_blank\"><span class=\"shariff-icon\" style=\"\"><svg xmlns=\"http:\/\/www.w3.org\/2000\/svg\" viewBox=\"0 0 512 512\"><path fill=\"#ff4500\" d=\"M440.3 203.5c-15 0-28.2 6.2-37.9 15.9-35.7-24.7-83.8-40.6-137.1-42.3L293 52.3l88.2 19.8c0 21.6 17.6 39.2 39.2 39.2 22 0 39.7-18.1 39.7-39.7s-17.6-39.7-39.7-39.7c-15.4 0-28.7 9.3-35.3 22l-97.4-21.6c-4.9-1.3-9.7 2.2-11 7.1L246.3 177c-52.9 2.2-100.5 18.1-136.3 42.8-9.7-10.1-23.4-16.3-38.4-16.3-55.6 0-73.8 74.6-22.9 100.1-1.8 7.9-2.6 16.3-2.6 24.7 0 83.8 94.4 151.7 210.3 151.7 116.4 0 210.8-67.9 210.8-151.7 0-8.4-.9-17.2-3.1-25.1 49.9-25.6 31.5-99.7-23.8-99.7zM129.4 308.9c0-22 17.6-39.7 39.7-39.7 21.6 0 39.2 17.6 39.2 39.7 0 21.6-17.6 39.2-39.2 39.2-22 .1-39.7-17.6-39.7-39.2zm214.3 93.5c-36.4 36.4-139.1 36.4-175.5 0-4-3.5-4-9.7 0-13.7 3.5-3.5 9.7-3.5 13.2 0 27.8 28.5 120 29 149 0 3.5-3.5 9.7-3.5 13.2 0 4.1 4 4.1 10.2.1 13.7zm-.8-54.2c-21.6 0-39.2-17.6-39.2-39.2 0-22 17.6-39.7 39.2-39.7 22 0 39.7 17.6 39.7 39.7-.1 21.5-17.7 39.2-39.7 39.2z\"\/><\/svg><\/span><span data-service=\"reddit\" style=\"color:#ff4500\" class=\"shariff-count shariff-hidezero\"><\/span>&nbsp;<\/a><\/li><li class=\"shariff-button vk shariff-nocustomcolor\" style=\"background-color:#4273c8;border-radius:20%\"><a href=\"https:\/\/vk.com\/share.php?url=https%3A%2F%2Fwww.wanderwegewelt.de%2Fblog%2Ftour-996-koeln-rath-auf-dem-a3-zum-rather-weiher%2F\" title=\"Bei VK teilen\" aria-label=\"Bei VK teilen\" role=\"button\" rel=\"noopener nofollow\" class=\"shariff-link\" style=\";border-radius:20%; background-color:#527498; color:#fff\" target=\"_blank\"><span class=\"shariff-icon\" style=\"\"><svg width=\"32px\" height=\"20px\" xmlns=\"http:\/\/www.w3.org\/2000\/svg\" viewBox=\"0 0 34 32\"><path fill=\"#527498\" d=\"M34.2 9.3q0.4 1.1-2.7 5.3-0.4 0.6-1.2 1.5-1.4 1.8-1.6 2.3-0.3 0.7 0.3 1.4 0.3 0.4 1.4 1.5h0l0.1 0.1q2.5 2.3 3.4 3.9 0.1 0.1 0.1 0.2t0.1 0.5 0 0.6-0.4 0.5-1.1 0.2l-4.6 0.1q-0.4 0.1-1-0.1t-0.9-0.4l-0.4-0.2q-0.5-0.4-1.2-1.1t-1.2-1.4-1.1-1-1-0.3q-0.1 0-0.1 0.1t-0.3 0.3-0.4 0.5-0.3 0.9-0.1 1.4q0 0.3-0.1 0.5t-0.1 0.3l-0.1 0.1q-0.3 0.3-0.9 0.4h-2.1q-1.3 0.1-2.6-0.3t-2.3-0.9-1.8-1.2-1.3-1l-0.4-0.4q-0.2-0.2-0.5-0.5t-1.3-1.6-1.9-2.7-2.2-3.8-2.3-4.9q-0.1-0.3-0.1-0.5t0.1-0.3l0.1-0.1q0.3-0.3 1-0.3l4.9 0q0.2 0 0.4 0.1t0.3 0.2l0.1 0.1q0.3 0.2 0.4 0.6 0.4 0.9 0.8 1.8t0.7 1.5l0.3 0.5q0.5 1.1 1 1.9t0.9 1.2 0.7 0.7 0.6 0.3 0.5-0.1q0 0 0.1-0.1t0.2-0.4 0.2-0.8 0.2-1.4 0-2.2q0-0.7-0.2-1.3t-0.2-0.8l-0.1-0.2q-0.4-0.6-1.5-0.8-0.2 0 0.1-0.4 0.3-0.3 0.7-0.5 0.9-0.5 4.3-0.4 1.5 0 2.4 0.2 0.4 0.1 0.6 0.2t0.4 0.4 0.2 0.6 0.1 0.8 0 1 0 1.3 0 1.5q0 0.2 0 0.8t0 0.9 0.1 0.7 0.2 0.7 0.4 0.4q0.1 0 0.3 0.1t0.5-0.2 0.7-0.6 0.9-1.2 1.2-1.9q1.1-1.9 1.9-4 0.1-0.2 0.2-0.3t0.2-0.2l0.1-0.1 0.1 0t0.2-0.1 0.4 0l5.1 0q0.7-0.1 1.1 0t0.6 0.3z\"\/><\/svg><\/span><span data-service=\"vk\" style=\"color:#527498\" class=\"shariff-count\"> 0<\/span>&nbsp;<\/a><\/li><li class=\"shariff-button diaspora shariff-nocustomcolor\" style=\"background-color:#b3b3b3;border-radius:20%\"><a href=\"https:\/\/share.diasporafoundation.org\/?url=https%3A%2F%2Fwww.wanderwegewelt.de%2Fblog%2Ftour-996-koeln-rath-auf-dem-a3-zum-rather-weiher%2F&title=Tour%20996%20%E2%80%93%20K%C3%B6ln-Rath%20%E2%80%93%20Auf%20dem%20A3%20zum%20Rather%20Weiher\" title=\"Bei diaspora* teilen\" aria-label=\"Bei diaspora* teilen\" role=\"button\" rel=\"noopener nofollow\" class=\"shariff-link\" style=\";border-radius:20%; background-color:#999; color:#fff\" target=\"_blank\"><span class=\"shariff-icon\" style=\"\"><svg width=\"32px\" height=\"20px\" xmlns=\"http:\/\/www.w3.org\/2000\/svg\" viewBox=\"0 0 33 32\"><path fill=\"#999\" d=\"M20.6 28.2c-0.8-1.2-2.1-2.9-2.9-4-0.8-1.1-1.4-1.9-1.4-1.9s-1.2 1.6-2.8 3.8c-1.5 2.1-2.8 3.8-2.8 3.8 0 0-5.5-3.9-5.5-3.9 0 0 1.2-1.8 2.8-4s2.8-4 2.8-4.1c0-0.1-0.5-0.2-4.4-1.5-2.4-0.8-4.4-1.5-4.4-1.5 0 0 0.2-0.8 1-3.2 0.6-1.8 1-3.2 1.1-3.3s2.1 0.6 4.6 1.5c2.5 0.8 4.6 1.5 4.6 1.5s0.1 0 0.1-0.1c0 0 0-2.2 0-4.8s0-4.7 0.1-4.7c0 0 0.7 0 3.3 0 1.8 0 3.3 0 3.4 0 0 0 0.1 1.4 0.2 4.6 0.1 5.2 0.1 5.3 0.2 5.3 0 0 2-0.7 4.5-1.5s4.4-1.5 4.4-1.5c0 0.1 2 6.5 2 6.5 0 0-2 0.7-4.5 1.5-3.4 1.1-4.5 1.5-4.5 1.6 0 0 1.2 1.8 2.6 3.9 1.5 2.1 2.6 3.9 2.6 3.9 0 0-5.4 4-5.5 4 0 0-0.7-0.9-1.5-2.1z\"\/><\/svg><\/span><\/a><\/li><li class=\"shariff-button mailto shariff-nocustomcolor\" style=\"background-color:#a8a8a8;border-radius:20%\"><a href=\"mailto:?body=https%3A%2F%2Fwww.wanderwegewelt.de%2Fblog%2Ftour-996-koeln-rath-auf-dem-a3-zum-rather-weiher%2F&subject=Tour%20996%20%E2%80%93%20K%C3%B6ln-Rath%20%E2%80%93%20Auf%20dem%20A3%20zum%20Rather%20Weiher\" title=\"Per E-Mail versenden\" aria-label=\"Per E-Mail versenden\" role=\"button\" rel=\"noopener nofollow\" class=\"shariff-link\" style=\";border-radius:20%; background-color:#999; color:#fff\"><span class=\"shariff-icon\" style=\"\"><svg width=\"32px\" height=\"20px\" xmlns=\"http:\/\/www.w3.org\/2000\/svg\" viewBox=\"0 0 32 32\"><path fill=\"#999\" d=\"M32 12.7v14.2q0 1.2-0.8 2t-2 0.9h-26.3q-1.2 0-2-0.9t-0.8-2v-14.2q0.8 0.9 1.8 1.6 6.5 4.4 8.9 6.1 1 0.8 1.6 1.2t1.7 0.9 2 0.4h0.1q0.9 0 2-0.4t1.7-0.9 1.6-1.2q3-2.2 8.9-6.1 1-0.7 1.8-1.6zM32 7.4q0 1.4-0.9 2.7t-2.2 2.2q-6.7 4.7-8.4 5.8-0.2 0.1-0.7 0.5t-1 0.7-0.9 0.6-1.1 0.5-0.9 0.2h-0.1q-0.4 0-0.9-0.2t-1.1-0.5-0.9-0.6-1-0.7-0.7-0.5q-1.6-1.1-4.7-3.2t-3.6-2.6q-1.1-0.7-2.1-2t-1-2.5q0-1.4 0.7-2.3t2.1-0.9h26.3q1.2 0 2 0.8t0.9 2z\"\/><\/svg><\/span><\/a><\/li><li class=\"shariff-button printer shariff-nocustomcolor\" style=\"background-color:#a8a8a8;border-radius:20%\"><a href=\"javascript:window.print()\" title=\"drucken\" aria-label=\"drucken\" role=\"button\" rel=\"noopener nofollow\" class=\"shariff-link\" style=\";border-radius:20%; background-color:#999; color:#fff\"><span class=\"shariff-icon\" style=\"\"><svg width=\"32px\" height=\"20px\" xmlns=\"http:\/\/www.w3.org\/2000\/svg\" viewBox=\"0 0 30 32\"><path fill=\"#999\" d=\"M6.8 27.4h16v-4.6h-16v4.6zM6.8 16h16v-6.8h-2.8q-0.7 0-1.2-0.5t-0.5-1.2v-2.8h-11.4v11.4zM27.4 17.2q0-0.5-0.3-0.8t-0.8-0.4-0.8 0.4-0.3 0.8 0.3 0.8 0.8 0.3 0.8-0.3 0.3-0.8zM29.7 17.2v7.4q0 0.2-0.2 0.4t-0.4 0.2h-4v2.8q0 0.7-0.5 1.2t-1.2 0.5h-17.2q-0.7 0-1.2-0.5t-0.5-1.2v-2.8h-4q-0.2 0-0.4-0.2t-0.2-0.4v-7.4q0-1.4 1-2.4t2.4-1h1.2v-9.7q0-0.7 0.5-1.2t1.2-0.5h12q0.7 0 1.6 0.4t1.3 0.8l2.7 2.7q0.5 0.5 0.9 1.4t0.4 1.6v4.6h1.1q1.4 0 2.4 1t1 2.4z\"\/><\/svg><\/span><\/a><\/li><li class=\"shariff-button info shariff-nocustomcolor\" style=\"background-color:#eee;border-radius:20%\"><a href=\"http:\/\/ct.de\/-2467514\" title=\"Weitere Informationen\" aria-label=\"Weitere Informationen\" role=\"button\" rel=\"noopener \" class=\"shariff-link\" style=\";border-radius:20%; background-color:#fff; color:#fff\" target=\"_blank\"><span class=\"shariff-icon\" style=\"\"><svg width=\"32px\" height=\"20px\" xmlns=\"http:\/\/www.w3.org\/2000\/svg\" viewBox=\"0 0 11 32\"><path fill=\"#999\" d=\"M11.4 24v2.3q0 0.5-0.3 0.8t-0.8 0.4h-9.1q-0.5 0-0.8-0.4t-0.4-0.8v-2.3q0-0.5 0.4-0.8t0.8-0.4h1.1v-6.8h-1.1q-0.5 0-0.8-0.4t-0.4-0.8v-2.3q0-0.5 0.4-0.8t0.8-0.4h6.8q0.5 0 0.8 0.4t0.4 0.8v10.3h1.1q0.5 0 0.8 0.4t0.3 0.8zM9.2 3.4v3.4q0 0.5-0.4 0.8t-0.8 0.4h-4.6q-0.4 0-0.8-0.4t-0.4-0.8v-3.4q0-0.4 0.4-0.8t0.8-0.4h4.6q0.5 0 0.8 0.4t0.4 0.8z\"\/><\/svg><\/span><\/a><\/li><li class=\"shariff-button rss shariff-nocustomcolor\" style=\"background-color:#ff8c00;border-radius:20%\"><a href=\"https:\/\/www.wanderwegewelt.de\/blog\/feed\/rss\/\" title=\"RSS-feed\" aria-label=\"RSS-feed\" role=\"button\" class=\"shariff-link\" style=\";border-radius:20%; background-color:#fe9312; color:#fff\" target=\"_blank\"><span class=\"shariff-icon\" style=\"\"><svg width=\"32px\" height=\"20px\" xmlns=\"http:\/\/www.w3.org\/2000\/svg\" viewBox=\"0 0 32 32\"><path fill=\"#fe9312\" d=\"M4.3 23.5c-2.3 0-4.3 1.9-4.3 4.3 0 2.3 1.9 4.2 4.3 4.2 2.4 0 4.3-1.9 4.3-4.2 0-2.3-1.9-4.3-4.3-4.3zM0 10.9v6.1c4 0 7.7 1.6 10.6 4.4 2.8 2.8 4.4 6.6 4.4 10.6h6.2c0-11.7-9.5-21.1-21.1-21.1zM0 0v6.1c14.2 0 25.8 11.6 25.8 25.9h6.2c0-17.6-14.4-32-32-32z\"\/><\/svg><\/span><\/a><\/li><\/ul><\/div>","protected":false},"excerpt":{"rendered":"<p>Auf breiten Wegen zum Rather Weiher Parkplatz 51107 K\u00f6ln-Rath\/Heumar, L\u00fctzerathstra\u00dfe (Siehe unbedingt auch Karte) Typ Rund L\u00e4nge 7,3 km Schwierigkeit Einfach H\u00f6henmeter Keine Literatur Keine Angabe Auf Karte Keine Angabe Beschilderung , wei\u00dfes A3 auf schwarzem Grund Wegbeschaffenheit Waldwege, Asphalt Bemerkenswertes Zw\u00f6lf Apostel Buche, Rather Weiher Links Bewertung Details:<\/p>\n","protected":false},"author":2,"featured_media":16843,"comment_status":"open","ping_status":"open","sticky":false,"template":"","format":"image","meta":{"footnotes":""},"categories":[1,266,244,243,720,1356,247,1358,313,320,721,239,1357,253],"tags":[209,272,273,724,215,1361,275,1362,1360,379,208,183,6,29,277,1363,1364,1359],"class_list":["post-16840","post","type-post","status-publish","format-image","has-post-thumbnail","hentry","category-allgemein","category-bergisches-land-deutschland-region","category-deutschland","category-europa","category-kinderwagen","category-koeln-regierungsbezirk-koeln","category-nordrhein-westfalen","category-rathheumar","category-regierungsbezirk-koeln","category-rheinland-deutschland-region","category-rollstuhlfahrer-geeignet-fuer","category-rundweg","category-stadtbezirk-kalk","category-zwischen-5-km-und-10-km","tag-bergisches-land","tag-deutschland","tag-europa","tag-kinderwagen","tag-koeln","tag-koengisforst","tag-nordrhein-westfalen","tag-rathheumar","tag-rather-weiher","tag-regierungsbezirk-koeln","tag-rheinland","tag-rollstuhlfahrer","tag-rundwanderung","tag-rundwanderweg","tag-rundweg","tag-stadtbezirk-kalk","tag-zwischen-5-km-und-10","tag-zwoelf-apostel-buche","post_format-post-format-image","entry","has-media"],"_links":{"self":[{"href":"https:\/\/www.wanderwegewelt.de\/blog\/wp-json\/wp\/v2\/posts\/16840","targetHints":{"allow":["GET"]}}],"collection":[{"href":"https:\/\/www.wanderwegewelt.de\/blog\/wp-json\/wp\/v2\/posts"}],"about":[{"href":"https:\/\/www.wanderwegewelt.de\/blog\/wp-json\/wp\/v2\/types\/post"}],"author":[{"embeddable":true,"href":"https:\/\/www.wanderwegewelt.de\/blog\/wp-json\/wp\/v2\/users\/2"}],"replies":[{"embeddable":true,"href":"https:\/\/www.wanderwegewelt.de\/blog\/wp-json\/wp\/v2\/comments?post=16840"}],"version-history":[{"count":4,"href":"https:\/\/www.wanderwegewelt.de\/blog\/wp-json\/wp\/v2\/posts\/16840\/revisions"}],"predecessor-version":[{"id":189253,"href":"https:\/\/www.wanderwegewelt.de\/blog\/wp-json\/wp\/v2\/posts\/16840\/revisions\/189253"}],"wp:featuredmedia":[{"embeddable":true,"href":"https:\/\/www.wanderwegewelt.de\/blog\/wp-json\/wp\/v2\/media\/16843"}],"wp:attachment":[{"href":"https:\/\/www.wanderwegewelt.de\/blog\/wp-json\/wp\/v2\/media?parent=16840"}],"wp:term":[{"taxonomy":"category","embeddable":true,"href":"https:\/\/www.wanderwegewelt.de\/blog\/wp-json\/wp\/v2\/categories?post=16840"},{"taxonomy":"post_tag","embeddable":true,"href":"https:\/\/www.wanderwegewelt.de\/blog\/wp-json\/wp\/v2\/tags?post=16840"}],"curies":[{"name":"wp","href":"https:\/\/api.w.org\/{rel}","templated":true}]}}