{"id":15920,"date":"2019-02-01T11:09:35","date_gmt":"2019-02-01T09:09:35","guid":{"rendered":"https:\/\/www.wanderwegewelt.de\/blog\/?p=15920"},"modified":"2019-02-01T11:09:35","modified_gmt":"2019-02-01T09:09:35","slug":"tour-971-kamen-auf-dem-a2-noerdlich-vom-kurler-busch","status":"publish","type":"post","link":"https:\/\/www.wanderwegewelt.de\/blog\/tour-971-kamen-auf-dem-a2-noerdlich-vom-kurler-busch\/","title":{"rendered":"Tour 971 \u2013 Kamen &#8211; Auf dem A2 n\u00f6rdlich vom Kurler Busch"},"content":{"rendered":"<h2 style=\"text-align: center;\">Um den kleinen Kurler Busch<\/h2>\n<table border=\"1\" width=\"100%\" cellspacing=\"0\" cellpadding=\"4\">\n<colgroup>\n<col width=\"122\" \/>\n<col width=\"500\" \/> <\/colgroup>\n<tbody>\n<tr valign=\"TOP\">\n<td width=\"122\">Parkplatz<\/td>\n<td width=\"500\">59174 Kamen, Lindenallee 1 (Wanderparkplatz gegen\u00fcber)<\/td>\n<\/tr>\n<tr valign=\"TOP\">\n<td width=\"122\">Typ<\/td>\n<td width=\"500\">Rund<\/td>\n<\/tr>\n<tr valign=\"TOP\">\n<td width=\"122\">L\u00e4nge<\/td>\n<td width=\"500\">7,0 km<\/td>\n<\/tr>\n<tr valign=\"TOP\">\n<td width=\"122\">Schwierigkeit<\/td>\n<td width=\"500\">Leicht<\/td>\n<\/tr>\n<tr valign=\"TOP\">\n<td width=\"122\">H\u00f6henmeter<\/td>\n<td width=\"500\">Eben<\/td>\n<\/tr>\n<tr valign=\"TOP\">\n<td width=\"122\">Literatur<\/td>\n<td width=\"500\">Keine Angabe<\/td>\n<\/tr>\n<tr valign=\"TOP\">\n<td width=\"122\">Auf Karte<\/td>\n<td width=\"500\">Keine Angabe<\/td>\n<\/tr>\n<tr valign=\"TOP\">\n<td width=\"122\">Beschilderung<\/td>\n<td width=\"500\"><a href=\"https:\/\/www.wanderwegewelt.de\/blog\/wp-content\/uploads\/A2.png\"><img loading=\"lazy\" decoding=\"async\" class=\"alignnone size-full wp-image-849\" title=\"A2\" src=\"https:\/\/www.wanderwegewelt.de\/blog\/wp-content\/uploads\/A2.png\" alt=\"\" width=\"16\" height=\"16\" \/><\/a>, wei\u00dfes A2 auf schwarzem Grund<\/td>\n<\/tr>\n<tr valign=\"TOP\">\n<td width=\"122\">Wegbeschaffenheit<\/td>\n<td width=\"500\">Asphalt, Sand- und Waldwege<\/td>\n<\/tr>\n<tr valign=\"TOP\">\n<td width=\"122\">Bemerkenswertes<\/td>\n<td width=\"500\">Kurler Busch, Wegef\u00fchrung entlang der &#8222;Lindenallee&#8220;<\/td>\n<\/tr>\n<tr valign=\"TOP\">\n<td width=\"122\">Links<\/td>\n<td width=\"500\"><a href=\"https:\/\/de.wikipedia.org\/wiki\/Naturschutzgebiet_Kurler_Busch\" target=\"_blank\" rel=\"noopener\">Kurler Busch<\/a>,<\/td>\n<\/tr>\n<tr valign=\"TOP\">\n<td width=\"122\">Bewertung<\/td>\n<td width=\"500\"><p><strong class=\"rating\"><\/strong>&nbsp;<img decoding=\"async\" src=\"https:\/\/www.wanderwegewelt.de\/blog\/wp-content\/plugins\/xavins-review-ratings\/default\/star.png\" alt=\"&#9733;\" title=\"1\/5\" \/><img decoding=\"async\" src=\"https:\/\/www.wanderwegewelt.de\/blog\/wp-content\/plugins\/xavins-review-ratings\/default\/blank_star.png\" alt=\"&#9734;\" title=\"1\/5\" \/><img decoding=\"async\" src=\"https:\/\/www.wanderwegewelt.de\/blog\/wp-content\/plugins\/xavins-review-ratings\/default\/blank_star.png\" alt=\"&#9734;\" title=\"1\/5\" \/><img decoding=\"async\" src=\"https:\/\/www.wanderwegewelt.de\/blog\/wp-content\/plugins\/xavins-review-ratings\/default\/blank_star.png\" alt=\"&#9734;\" title=\"1\/5\" \/><img decoding=\"async\" src=\"https:\/\/www.wanderwegewelt.de\/blog\/wp-content\/plugins\/xavins-review-ratings\/default\/blank_star.png\" alt=\"&#9734;\" title=\"1\/5\" \/>&nbsp;<\/p><\/td>\n<\/tr>\n<\/tbody>\n<\/table>\n<p>Details:<!--more--><\/p>\n<div>\n<div class=\"edit_box\">\n<figure id=\"attachment_15957\" aria-describedby=\"caption-attachment-15957\" style=\"width: 169px\" class=\"wp-caption alignleft\"><img loading=\"lazy\" decoding=\"async\" class=\"size-medium wp-image-15957\" src=\"https:\/\/www.wanderwegewelt.de\/blog\/wp-content\/uploads\/00000671-1-169x300.jpg\" alt=\"Hier geht es um den A2.\" width=\"169\" height=\"300\" srcset=\"https:\/\/www.wanderwegewelt.de\/blog\/wp-content\/uploads\/00000671-1-169x300.jpg 169w, https:\/\/www.wanderwegewelt.de\/blog\/wp-content\/uploads\/00000671-1.jpg 360w\" sizes=\"auto, (max-width: 169px) 100vw, 169px\" \/><figcaption id=\"caption-attachment-15957\" class=\"wp-caption-text\">Hier geht es um den A2.<\/figcaption><\/figure>\n<p>Vom Parkplatz geht es kurz auf die Zufahrt und dann scharf nach links. Nun immer geradeaus bis an den Waldrand des &#8222;Kurler Busch&#8220;. Auch hier bleibt man der Laufrichtung durch die rot-wei\u00dfen Pfosten treu und durchquert den Wald, bis man ihn an weiteren Sperrpfosten wieder verl\u00e4sst. Man war auf dem &#8222;Salzweg&#8220; unterwegs, wie ein Schild hier besagt. Hier halb links dem Asphalt folgen. Hinter den Hausnummern 44 und 46 folgt ein Linksknick der Stra\u00dfe. Danach geht es eine Weile geradeaus. Schlie\u00dflich biegt man scharf rechts auf einen schottrigen Weg der auch als Radweg nach &#8222;Lanstrop&#8220; ausgeschildert ist. Apropos Lanstrop. Zur Linken kann man immer wieder einen Blick auf das &#8222;Lanstroper Ei&#8220; werfen. Der Weg f\u00fchrt somit auch bis an den Ortsrand von &#8222;Lanstrop&#8220;. Dort rechts auf Asphalt abbiegen. Neben dem &#8222;Rahmsloher Weg&#8220; geht es weiter geradeaus. Man folgt der Stra\u00dfe nun vorbei an einem kuriosen Baustilmix bis man die &#8222;Lanstroper Stra\u00dfe&#8220; erreicht. Hier ein kurzes St\u00fcck nach links und dann wieder rechts herum in den Weg &#8222;Am Burhag&#8220;. wandern. An der ersten M\u00f6glichkeit rechts ab in den &#8222;Kornm\u00fchlenweg&#8220;. Hinter einem Bauernhof geht es dann links in die Stra\u00dfe &#8222;Im Erlensundern&#8220;. Vor dem Hof &#8222;Keinemann&#8220; wendet man sich nach rechts. So trifft man in Wohnbebauung auf die &#8222;Lindenallee&#8220;. Dieser folgt nun recht unsch\u00f6n \u00fcber 2,5 Kilometer nach rechts bis zum Ausgangspunkt der Wanderung. Dabei nicht abbiegen und auch den Kreisverkehr geradeaus durchwandern.<\/p>\n<\/div>\n<\/div>\n<div class='photonic-flickr-stream photonic-stream ' id='photonic-flickr-stream-1'>\n\n\t<div id='photonic-flickr-stream-1-container' class='title-display-none photonic-level-1-container sizes-present photonic-masonry-layout photonic-thumbnail-effect-none' data-photonic-platform=\"flickr\" data-photonic-gallery-columns=\"auto\" data-photonic-query=\"columns=auto&amp;layout=masonry&amp;display=local&amp;popup=hide&amp;filter=&amp;filter_type=include&amp;more=&amp;panel=&amp;custom_classes=&amp;alignment=&amp;photo_layout=square&amp;caption=none&amp;thumb_size=s&amp;main_size=b&amp;tile_size=same&amp;video_size=Video Original&amp;privacy_filter=&amp;count=500&amp;page=1&amp;paginate=&amp;collections_display=expanded&amp;user_id=61810381@N02&amp;collection_id=&amp;photoset_id=&amp;gallery_id=&amp;photo_id=&amp;media=photos&amp;type=flickr&amp;style=default&amp;view=photos&amp;tags=971&amp;tag_mode=any&amp;sort=date-taken-asc&amp;title_position=none&amp;fx=fade&amp;pause=1&amp;strip-style=thumbs&amp;controls=show&amp;iterate_level_3=1&amp;per_page=500&amp;photo_count=500&amp;overlay_size=s&amp;overlay_video_size=Video Original\">\n\t\t<figure class='photonic-level-1 photonic-thumb'>\n\t\t\t<a href='https:\/\/live.staticflickr.com\/4862\/39927860673_715a11ca08_c.jpg' title='' rel='lightbox-photonic-flickr-stream-1' class='photonic-lb photonic-baguettebox baguettebox' data-photonic-media-type=\"image\" data-content-type=\"image\" data-photonic-deep=\"gallery[photonic-flickr-stream-1]\/39927860673\/\" data-title=\"Tour 971 \u2013 Kamen \u2013 Auf dem A2 n\u00f6rdlich vom Kurler Busch\">\n\t\t\t\t<img alt='Tour 971 \u2013 Kamen \u2013 Auf dem A2 n\u00f6rdlich vom Kurler Busch' class='masonry' data-src='https:\/\/live.staticflickr.com\/4862\/39927860673_715a11ca08_c.jpg' loading='lazy' width='800' height='450' \/>\n\t\t\t<\/a>\n\t\t<\/figure>\n\t\t<figure class='photonic-level-1 photonic-thumb'>\n\t\t\t<a href='https:\/\/live.staticflickr.com\/4821\/39927861283_68b2877573_c.jpg' title='' rel='lightbox-photonic-flickr-stream-1' class='photonic-lb photonic-baguettebox baguettebox' data-photonic-media-type=\"image\" data-content-type=\"image\" data-photonic-deep=\"gallery[photonic-flickr-stream-1]\/39927861283\/\" data-title=\"Tour 971 \u2013 Kamen \u2013 Auf dem A2 n\u00f6rdlich vom Kurler Busch\">\n\t\t\t\t<img alt='Tour 971 \u2013 Kamen \u2013 Auf dem A2 n\u00f6rdlich vom Kurler Busch' class='masonry' data-src='https:\/\/live.staticflickr.com\/4821\/39927861283_68b2877573_c.jpg' loading='lazy' width='800' height='450' \/>\n\t\t\t<\/a>\n\t\t<\/figure>\n\t\t<figure class='photonic-level-1 photonic-thumb'>\n\t\t\t<a href='https:\/\/live.staticflickr.com\/7911\/39927861893_60c32a4c46_c.jpg' title='' rel='lightbox-photonic-flickr-stream-1' class='photonic-lb photonic-baguettebox baguettebox' data-photonic-media-type=\"image\" data-content-type=\"image\" data-photonic-deep=\"gallery[photonic-flickr-stream-1]\/39927861893\/\" data-title=\"Tour 971 \u2013 Kamen \u2013 Auf dem A2 n\u00f6rdlich vom Kurler Busch\">\n\t\t\t\t<img alt='Tour 971 \u2013 Kamen \u2013 Auf dem A2 n\u00f6rdlich vom Kurler Busch' class='masonry' data-src='https:\/\/live.staticflickr.com\/7911\/39927861893_60c32a4c46_c.jpg' loading='lazy' width='800' height='450' \/>\n\t\t\t<\/a>\n\t\t<\/figure>\n\t\t<figure class='photonic-level-1 photonic-thumb'>\n\t\t\t<a href='https:\/\/live.staticflickr.com\/7845\/46167908694_311344c47c_c.jpg' title='' rel='lightbox-photonic-flickr-stream-1' class='photonic-lb photonic-baguettebox baguettebox' data-photonic-media-type=\"image\" data-content-type=\"image\" data-photonic-deep=\"gallery[photonic-flickr-stream-1]\/46167908694\/\" data-title=\"Tour 971 \u2013 Kamen \u2013 Auf dem A2 n\u00f6rdlich vom Kurler Busch\">\n\t\t\t\t<img alt='Tour 971 \u2013 Kamen \u2013 Auf dem A2 n\u00f6rdlich vom Kurler Busch' class='masonry' data-src='https:\/\/live.staticflickr.com\/7845\/46167908694_311344c47c_c.jpg' loading='lazy' width='450' height='800' \/>\n\t\t\t<\/a>\n\t\t<\/figure>\n\t\t<figure class='photonic-level-1 photonic-thumb'>\n\t\t\t<a href='https:\/\/live.staticflickr.com\/4912\/46167909064_5f9b307a9e_c.jpg' title='' rel='lightbox-photonic-flickr-stream-1' class='photonic-lb photonic-baguettebox baguettebox' data-photonic-media-type=\"image\" data-content-type=\"image\" data-photonic-deep=\"gallery[photonic-flickr-stream-1]\/46167909064\/\" data-title=\"Tour 971 \u2013 Kamen \u2013 Auf dem A2 n\u00f6rdlich vom Kurler Busch\">\n\t\t\t\t<img alt='Tour 971 \u2013 Kamen \u2013 Auf dem A2 n\u00f6rdlich vom Kurler Busch' class='masonry' data-src='https:\/\/live.staticflickr.com\/4912\/46167909064_5f9b307a9e_c.jpg' loading='lazy' width='800' height='450' \/>\n\t\t\t<\/a>\n\t\t<\/figure>\n\t\t<figure class='photonic-level-1 photonic-thumb'>\n\t\t\t<a href='https:\/\/live.staticflickr.com\/7801\/46167909944_9be3841f6b_c.jpg' title='' rel='lightbox-photonic-flickr-stream-1' class='photonic-lb photonic-baguettebox baguettebox' data-photonic-media-type=\"image\" data-content-type=\"image\" data-photonic-deep=\"gallery[photonic-flickr-stream-1]\/46167909944\/\" data-title=\"Tour 971 \u2013 Kamen \u2013 Auf dem A2 n\u00f6rdlich vom Kurler Busch\">\n\t\t\t\t<img alt='Tour 971 \u2013 Kamen \u2013 Auf dem A2 n\u00f6rdlich vom Kurler Busch' class='masonry' data-src='https:\/\/live.staticflickr.com\/7801\/46167909944_9be3841f6b_c.jpg' loading='lazy' width='800' height='450' \/>\n\t\t\t<\/a>\n\t\t<\/figure>\n\t\t<figure class='photonic-level-1 photonic-thumb'>\n\t\t\t<a href='https:\/\/live.staticflickr.com\/4887\/46167910504_a610773285_c.jpg' title='' rel='lightbox-photonic-flickr-stream-1' class='photonic-lb photonic-baguettebox baguettebox' data-photonic-media-type=\"image\" data-content-type=\"image\" data-photonic-deep=\"gallery[photonic-flickr-stream-1]\/46167910504\/\" data-title=\"Tour 971 \u2013 Kamen \u2013 Auf dem A2 n\u00f6rdlich vom Kurler Busch\">\n\t\t\t\t<img alt='Tour 971 \u2013 Kamen \u2013 Auf dem A2 n\u00f6rdlich vom Kurler Busch' class='masonry' data-src='https:\/\/live.staticflickr.com\/4887\/46167910504_a610773285_c.jpg' loading='lazy' width='800' height='450' \/>\n\t\t\t<\/a>\n\t\t<\/figure>\n\t\t<figure class='photonic-level-1 photonic-thumb'>\n\t\t\t<a href='https:\/\/live.staticflickr.com\/7927\/46167911094_02c8059d48_c.jpg' title='' rel='lightbox-photonic-flickr-stream-1' class='photonic-lb photonic-baguettebox baguettebox' data-photonic-media-type=\"image\" data-content-type=\"image\" data-photonic-deep=\"gallery[photonic-flickr-stream-1]\/46167911094\/\" data-title=\"Tour 971 \u2013 Kamen \u2013 Auf dem A2 n\u00f6rdlich vom Kurler Busch\">\n\t\t\t\t<img alt='Tour 971 \u2013 Kamen \u2013 Auf dem A2 n\u00f6rdlich vom Kurler Busch' class='masonry' data-src='https:\/\/live.staticflickr.com\/7927\/46167911094_02c8059d48_c.jpg' loading='lazy' width='450' height='800' \/>\n\t\t\t<\/a>\n\t\t<\/figure>\n\t\t<figure class='photonic-level-1 photonic-thumb'>\n\t\t\t<a href='https:\/\/live.staticflickr.com\/7820\/46167911884_72fff99056_c.jpg' title='' rel='lightbox-photonic-flickr-stream-1' class='photonic-lb photonic-baguettebox baguettebox' data-photonic-media-type=\"image\" data-content-type=\"image\" data-photonic-deep=\"gallery[photonic-flickr-stream-1]\/46167911884\/\" data-title=\"Tour 971 \u2013 Kamen \u2013 Auf dem A2 n\u00f6rdlich vom Kurler Busch\">\n\t\t\t\t<img alt='Tour 971 \u2013 Kamen \u2013 Auf dem A2 n\u00f6rdlich vom Kurler Busch' class='masonry' data-src='https:\/\/live.staticflickr.com\/7820\/46167911884_72fff99056_c.jpg' loading='lazy' width='800' height='450' \/>\n\t\t\t<\/a>\n\t\t<\/figure>\n\t\t<figure class='photonic-level-1 photonic-thumb'>\n\t\t\t<a href='https:\/\/live.staticflickr.com\/7841\/46167912484_d2be0913c7_c.jpg' title='' rel='lightbox-photonic-flickr-stream-1' class='photonic-lb photonic-baguettebox baguettebox' data-photonic-media-type=\"image\" data-content-type=\"image\" data-photonic-deep=\"gallery[photonic-flickr-stream-1]\/46167912484\/\" data-title=\"Tour 971 \u2013 Kamen \u2013 Auf dem A2 n\u00f6rdlich vom Kurler Busch\">\n\t\t\t\t<img alt='Tour 971 \u2013 Kamen \u2013 Auf dem A2 n\u00f6rdlich vom Kurler Busch' class='masonry' data-src='https:\/\/live.staticflickr.com\/7841\/46167912484_d2be0913c7_c.jpg' loading='lazy' width='800' height='450' \/>\n\t\t\t<\/a>\n\t\t<\/figure>\n\t\t<figure class='photonic-level-1 photonic-thumb'>\n\t\t\t<a href='https:\/\/live.staticflickr.com\/4811\/46167913114_6cdeab4cd5_c.jpg' title='' rel='lightbox-photonic-flickr-stream-1' class='photonic-lb photonic-baguettebox baguettebox' data-photonic-media-type=\"image\" data-content-type=\"image\" data-photonic-deep=\"gallery[photonic-flickr-stream-1]\/46167913114\/\" data-title=\"Tour 971 \u2013 Kamen \u2013 Auf dem A2 n\u00f6rdlich vom Kurler Busch\">\n\t\t\t\t<img alt='Tour 971 \u2013 Kamen \u2013 Auf dem A2 n\u00f6rdlich vom Kurler Busch' class='masonry' data-src='https:\/\/live.staticflickr.com\/4811\/46167913114_6cdeab4cd5_c.jpg' loading='lazy' width='800' height='450' \/>\n\t\t\t<\/a>\n\t\t<\/figure>\n\n\t<\/div> <!-- .\/photonic-level-1-container -->\n\t<span id='photonic-flickr-stream-1-container-end'><\/span>\n<\/div><!-- .photonic-stream or .photonic-panel -->\n  <div class=\"brlbs-cmpnt-container brlbs-cmpnt-content-blocker brlbs-cmpnt-with-individual-styles\" data-borlabs-cookie-content-blocker-id=\"leaf\" data-borlabs-cookie-content=\"DQoJCTxkaXYgaWQ9IndwZ3B4bWFwc18xNTkyMF80MDgzMzQxIiBjbGFzcz0id3BncHhtYXBzIj4NCgkJCTxkaXYgaWQ9Im1hcF8xNTkyMF80MDgzMzQxX2NvbnQiIHN0eWxlPSJ3aWR0aDoxMDAlOyBoZWlnaHQ6NDUwcHg7cG9zaXRpb246cmVsYXRpdmUiID4NCgkJCQk8ZGl2IGlkPSJtYXBfMTU5MjBfNDA4MzM0MSIgc3R5bGU9IndpZHRoOjEwMCU7IGhlaWdodDo0NTBweCI+PC9kaXY+DQoJCQkJPGRpdiBpZD0id3BncHhtYXBzXzE1OTIwXzQwODMzNDFfb3NtX2Zvb3RlciIgY2xhc3M9IndwZ3B4bWFwc19vc21fZm9vdGVyIiBzdHlsZT0iZGlzcGxheTpub25lOyI+PHNwYW4+ICZjb3B5OyA8YSBocmVmPSJodHRwOi8vd3d3Lm9wZW5zdHJlZXRtYXAub3JnL2NvcHlyaWdodCI+T3BlblN0cmVldE1hcDwvYT4gY29udHJpYnV0b3JzPC9zcGFuPjwvZGl2Pg0KCQkJPC9kaXY+DQoJCQk8Y2FudmFzIGlkPSJteUNoYXJ0XzE1OTIwXzQwODMzNDEiIGNsYXNzPSJwbG90IiBzdHlsZT0id2lkdGg6MTAwJTsgaGVpZ2h0OjIwMHB4Ij48L2NhbnZhcz4NCgkJCTxkaXYgaWQ9Im5naW1hZ2VzXzE1OTIwXzQwODMzNDEiIGNsYXNzPSJuZ2ltYWdlcyIgc3R5bGU9ImRpc3BsYXk6bm9uZSI+PC9kaXY+DQoJCQk8ZGl2IGlkPSJyZXBvcnRfMTU5MjBfNDA4MzM0MSIgY2xhc3M9InJlcG9ydCI+PC9kaXY+DQoJCTwvZGl2Pg0KCQkNCgkJPHNjcmlwdCB0eXBlPSJ0ZXh0L2phdmFzY3JpcHQiPg0KDQoJCQlqUXVlcnkoZG9jdW1lbnQpLnJlYWR5KGZ1bmN0aW9uKCkgew0KDQoJCQkJalF1ZXJ5KCAiI3dwZ3B4bWFwc18xNTkyMF80MDgzMzQxIiApLndwZ3B4bWFwcyggew0KCQkJCQl0YXJnZXRJZCAgICAgICAgICAgOiAiMTU5MjBfNDA4MzM0MSIsDQoJCQkJCW1hcFR5cGUgICAgICAgICAgICA6ICJPU00xIiwNCgkJCQkJbWFwRGF0YSAgICAgICAgICAgIDogW1s1MS41NzI0MzMwLDcuNTk5ODE3MF0sWzUxLjU3MjQzMDAsNy41OTk2ODQwXSxbNTEuNTcyMjc3MCw3LjU5OTU0MTBdLFs1MS41NzIyMjcwLDcuNTk5MzUwMF0sWzUxLjU3MjIyNDAsNy41OTg5MzkwXSxbNTEuNTcyMjA1MCw3LjU5ODYzMDBdLFs1MS41NzE5NjAwLDcuNTk3Nzc1MF0sWzUxLjU3MTk1MzAsNy41OTc1NzEwXSxbNTEuNTcxOTU3MCw3LjU5NzMyNDBdLFs1MS41NzE5MzAwLDcuNTk2NDE3MF0sWzUxLjU3MTg4ODAsNy41OTYxNjAwXSxbNTEuNTcxODMwMCw3LjU5NTczMzBdLFs1MS41NzE3OTYwLDcuNTk1NDE5MF0sWzUxLjU3MTY2MzAsNy41OTQ3ODcwXSxbNTEuNTcxNTk4MCw3LjU5NDI1MTBdLFs1MS41NzE0NjAwLDcuNTkzMjM1MF0sWzUxLjU3MTQ2MDAsNy41OTMwNzAwXSxbNTEuNTcxNDg0MCw3LjU5MjgzNjBdLFs1MS41NzE0NjUwLDcuNTkyNTkxMF0sWzUxLjU3MTQ2NTAsNy41OTIwNzkwXSxbNTEuNTcxNDI2MCw3LjU5MTU4NjBdLFs1MS41NzE1MzAwLDcuNTkxMjc1MF0sWzUxLjU3MTUzMDAsNy41OTEwNzQwXSxbNTEuNTcxNDcwMCw3LjU5MDg5MDBdLFs1MS41NzE0NzAwLDcuNTkwNDY5MF0sWzUxLjU3MTUwNzAsNy41OTAyNjEwXSxbNTEuNTcxNDg0MCw3LjU4OTk1OTBdLFs1MS41NzE2MjUwLDcuNTg5MzU5MF0sWzUxLjU3MTY1NTAsNy41ODkxMjQwXSxbNTEuNTcxNjg2MCw3LjU4ODk3NDBdLFs1MS41NzE4MDAwLDcuNTg4MzQ1MF0sWzUxLjU3MTg2NTAsNy41ODgwMzMwXSxbNTEuNTcxODQwMCw3LjU4Nzg0NjBdLFs1MS41NzE4NjUwLDcuNTg3NjMwMF0sWzUxLjU3MTk1MzAsNy41ODczMDcwXSxbNTEuNTcyMDQwMCw3LjU4Njg5MzBdLFs1MS41NzIwNzAwLDcuNTg2NjE0MF0sWzUxLjU3MjA4MzAsNy41ODYzODcwXSxbNTEuNTcyMDg2MCw3LjU4NjE5NzBdLFs1MS41NzIyMzAwLDcuNTg1ODgwMF0sWzUxLjU3MjI5NjAsNy41ODU1NjAwXSxbNTEuNTcyMjc3MCw3LjU4NTAzNzBdLFs1MS41NzIyMDUwLDcuNTg0NjQ5MF0sWzUxLjU3MjExNzAsNy41ODQwODIwXSxbNTEuNTcyMDAyMCw3LjU4MzczODBdLFs1MS41NzE5MTUwLDcuNTgzNDI1MF0sWzUxLjU3MTg5NjAsNy41ODMyMjgwXSxbNTEuNTcyMDQ0MCw3LjU4MzE4ODBdLFs1MS41NzEyNjAwLDcuNTgyNDk5MF0sWzUxLjU3MTA0MDAsNy41ODIxOTIwXSxbNTEuNTcwNzg2MCw3LjU4MTc1NDBdLFs1MS41NzA0OTYwLDcuNTgxNTk2MF0sWzUxLjU3MDM0MDAsNy41ODE1NzYwXSxbNTEuNTY5OTEyMCw3LjU4MTI2MzBdLFs1MS41Njk1NzAwLDcuNTgxMjE0MF0sWzUxLjU2OTI3NTAsNy41ODA5OTcwXSxbNTEuNTY5MDU3MCw3LjU4MDg5ODBdLFs1MS41Njg4MzYwLDcuNTgwODE1MF0sWzUxLjU2ODY4MDAsNy41ODA2NDcwXSxbNTEuNTY4NTIzMCw3LjU4MDY4NTBdLFs1MS41NjgxODQwLDcuNTgwNTg4MF0sWzUxLjU2Nzg2NzAsNy41ODAzNjMwXSxbNTEuNTY3NzIwMCw3LjU4MDMxNDBdLFs1MS41Njc1NjIwLDcuNTgwMTk1MF0sWzUxLjU2NzQzMDAsNy41ODAxNjAwXSxbNTEuNTY3MzEwMCw3LjU4MDAzMDBdLFs1MS41Njc1MjAwLDcuNTc5ODk2MF0sWzUxLjU2NzYxMDAsNy41Nzk4MDMwXSxbNTEuNTY3NzkwMCw3LjU3OTcwOTBdLFs1MS41NjgwNjYwLDcuNTc5NTY0MF0sWzUxLjU2ODQyODAsNy41NzkyMTQwXSxbNTEuNTY4NTM1MCw3LjU3OTE1MDBdLFs1MS41Njg3MDcwLDcuNTc5MDI0MF0sWzUxLjU2ODgxNzAsNy41Nzg5MTQwXSxbNTEuNTY4OTUwMCw3LjU3ODgwMjBdLFs1MS41Njk4OTAwLDcuNTc4MTU1MF0sWzUxLjU3MTE2MzAsNy41NzcxMDEwXSxbNTEuNTcxMzk2MCw3LjU3NjkzNTBdLFs1MS41NzE5MzgwLDcuNTc2NTU5MF0sWzUxLjU3MjE1NTAsNy41NzYzMDQwXSxbNTEuNTcyNDA3MCw3LjU3NjA1OTBdLFs1MS41NzI2NTAwLDcuNTc1OTI3MF0sWzUxLjU3MzE3NzAsNy41NzU1MDAwXSxbNTEuNTczMjg4MCw3LjU3NTQxMjBdLFs1MS41NzM0MDYwLDcuNTc1MjkzMF0sWzUxLjU3MzU1NTAsNy41NzUxNjQwXSxbNTEuNTczNzgwMCw3LjU3NDk4MTBdLFs1MS41NzQyNzYwLDcuNTc0NTYwMF0sWzUxLjU3NDQwMDAsNy41NzQ2NzMwXSxbNTEuNTc0NTEwMCw3LjU3NTA3MDBdLFs1MS41NzQ2NDYwLDcuNTc1NTQ2MF0sWzUxLjU3NDc0NTAsNy41NzYwMjIwXSxbNTEuNTc1MDU0MCw3LjU3NzI1NTBdLFs1MS41NzUyMDcwLDcuNTc3NTg4MF0sWzUxLjU3NTQ0MzAsNy41Nzc5NjMwXSxbNTEuNTc1NTkwMCw3LjU3ODMyMjBdLFs1MS41NzU5NDAwLDcuNTgwMDMzMF0sWzUxLjU3NTk2MjAsNy41ODAyNjEwXSxbNTEuNTc2MDA0MCw3LjU4MDQ0MjBdLFs1MS41NzYwNTQwLDcuNTgwNzc1MF0sWzUxLjU3NjE5NTAsNy41ODEwMDIwXSxbNTEuNTc2NDA1MCw3LjU4MTYxMTBdLFs1MS41NzY1NDAwLDcuNTgxODE1MF0sWzUxLjU3NjkwMDAsNy41ODIyNDIwXSxbNTEuNTc2OTkwMCw3LjU4MjM5MzBdLFs1MS41NzcwOTUwLDcuNTgyNzkxMF0sWzUxLjU3NzM0MDAsNy41ODMzNTYwXSxbNTEuNTc3NDc3MCw3LjU4Mzc5MzBdLFs1MS41Nzc1NjQwLDcuNTgzODk5MF0sWzUxLjU3NzY2MDAsNy41ODQxMDMwXSxbNTEuNTc3ODQwMCw3LjU4NDM1NzBdLFs1MS41NzgwMDAwLDcuNTg0NDA4MF0sWzUxLjU3ODA5MDAsNy41ODQyNjEwXSxbNTEuNTc3OTgwMCw3LjU4MzgwOTBdLFs1MS41NzgwMjIwLDcuNTgzNDE3MF0sWzUxLjU3Nzk5NTAsNy41ODI5OTMwXSxbNTEuNTc4MTE3MCw3LjU4MjkxNTBdLFs1MS41NzgwMDMwLDcuNTgyOTQ1MF0sWzUxLjU3OTAzMDAsNy41ODI2MzEwXSxbNTEuNTc5OTIwMCw3LjU4MjM2NDBdLFs1MS41ODAyMDQwLDcuNTgyMzE4MF0sWzUxLjU4MDYzNTAsNy41ODIyMTEwXSxbNTEuNTgxMDgwMCw3LjU4MjE3ODBdLFs1MS41ODEyNzYwLDcuNTgyODcyMF0sWzUxLjU4MTMzMzAsNy41ODMwODYwXSxbNTEuNTgxNDgwMCw3LjU4MzYwNDBdLFs1MS41ODE1MjQwLDcuNTgzODMwMF0sWzUxLjU4MTYwNDAsNy41ODQyNDEwXSxbNTEuNTgxNzgwMCw3LjU4NDk0NTBdLFs1MS41ODIxNDYwLDcuNTg2NTM2MF0sWzUxLjU4MjY2MDAsNy41ODY1MDAwXSxbNTEuNTgzMjk0MCw3LjU4NjQyNzBdLFs1MS41ODM3NzUwLDcuNTg2MzYxMF0sWzUxLjU4Mzk3MDAsNy41ODYzMDYwXSxbNTEuNTg0MjMyMCw3LjU4NjI3NDBdLFs1MS41ODU0ODcwLDcuNTg2MTEzMF0sWzUxLjU4NTcxNjAsNy41ODYwNzEwXSxbNTEuNTg2MTkzMCw3LjU4NTk5MDBdLFs1MS41ODYyNzcwLDcuNTg2MDc4MF0sWzUxLjU4NjIzNTAsNy41ODY3OTgwXSxbNTEuNTg2MTk3MCw3LjU4NzExNjBdLFs1MS41ODYxNjAwLDcuNTg3MzQ4MF0sWzUxLjU4NjExMzAsNy41ODc1MjYwXSxbNTEuNTg2MDYzMCw3LjU4Nzg2MDBdLFs1MS41ODYwMzAwLDcuNTg3OTk1MF0sWzUxLjU4NjAwMjAsNy41ODgyMjkwXSxbNTEuNTg1OTAwMCw3LjU4OTAzMDBdLFs1MS41ODU4MjcwLDcuNTg5MzE3MF0sWzUxLjU4NTc5NjAsNy41ODk5NDAwXSxbNTEuNTg1ODE1MCw3LjU5MDU1MDBdLFs1MS41ODU4NDYwLDcuNTkwODE0MF0sWzUxLjU4NTk1MDAsNy41OTEzODMwXSxbNTEuNTg2MTEwMCw3LjU5MTkwMTBdLFs1MS41ODYxMzIwLDcuNTkyMDkyMF0sWzUxLjU4NjIxMjAsNy41OTI0MzEwXSxbNTEuNTg2MTEwMCw3LjU5Mjg1MTBdLFs1MS41ODU5MDAwLDcuNTkzMDEzMF0sWzUxLjU4NTY3NDAsNy41OTMyMTMwXSxbNTEuNTg1NTUwMCw3LjU5MzI4MzBdLFs1MS41ODUzNjAwLDcuNTkzNDg2MF0sWzUxLjU4NDQ1NDAsNy41OTQyNzIwXSxbNTEuNTg0MjcwMCw3LjU5NDMyNDBdLFs1MS41ODM5NTQwLDcuNTk0NzA5MF0sWzUxLjU4MzgyMDAsNy41OTQ4OTIwXSxbNTEuNTgzMzEwMCw3LjU5NTMyNjBdLFs1MS41ODMxMDAwLDcuNTk1NTI4MF0sWzUxLjU4MjY4MDAsNy41OTU5MjAwXSxbNTEuNTgyNDU1MCw3LjU5NjE2NzBdLFs1MS41ODIzMjUwLDcuNTk2NDYzMF0sWzUxLjU4MjE1NzAsNy41OTY1NjgwXSxbNTEuNTgyMDQzMCw3LjU5NjU3NTBdLFs1MS41ODE1NDcwLDcuNTk2ODQ0MF0sWzUxLjU4MTMxNDAsNy41OTcwMzEwXSxbNTEuNTgwNTcwMCw3LjU5NzczNTBdLFs1MS41ODA0NTYwLDcuNTk3OTE1MF0sWzUxLjU4MDIyMzAsNy41OTgwNTcwXSxbNTEuNTc5OTAzMCw3LjU5ODI1NDBdLFs1MS41NzkyODUwLDcuNTk4NzY0MF0sWzUxLjU3ODg0MDAsNy41OTkxNTEwXSxbNTEuNTc4NzI0MCw3LjU5OTIzMDBdLFs1MS41Nzg2MDAwLDcuNTk5NDAxMF0sWzUxLjU3ODQ3NjAsNy41OTk1MDYwXSxbNTEuNTc4MjE3MCw3LjU5OTYyOTBdLFs1MS41NzgxMTAwLDcuNTk5NjkwMF0sWzUxLjU3ODA1MDAsNy41OTk4MjcwXSxbNTEuNTc3NzY2MCw3LjU5OTc4NjBdLFs1MS41NzczMDAwLDcuNTk5NjQ2MF0sWzUxLjU3NzAxNTAsNy41OTk1NjcwXSxbNTEuNTc2ODc4MCw3LjU5OTU5NjBdLFs1MS41NzY2ODMwLDcuNTk5NTgwMF0sWzUxLjU3NjU1MDAsNy41OTk1MzMwXSxbNTEuNTc2MTQwMCw3LjU5OTU1MzBdLFs1MS41NzYwMjcwLDcuNTk5MzAzMF0sWzUxLjU3NTcxMDAsNy41OTkzMjMwXSxbNTEuNTc1NDQwMCw3LjU5OTI2NTBdLFs1MS41NzUyODAwLDcuNTk5MzA0MF0sWzUxLjU3NTA1ODAsNy41OTkyNjMwXSxbNTEuNTc0Njg4MCw3LjU5OTI1MDBdLFs1MS41NzQ0OTMwLDcuNTk5MzQ4MF0sWzUxLjU3NDI1MDAsNy41OTk0MDMwXSxbNTEuNTczODk1MCw3LjU5OTUwNDBdLFs1MS41NzM1MDUwLDcuNTk5NTQ1MF0sWzUxLjU3MjcwMDAsNy41OTk4MDMwXSxbNTEuNTcyNTQwMCw3LjU5OTg1MzBdLFs1MS41NzI0NTMwLDcuNTk5OTAzMF0sWzUxLjU3MjM1MzAsNy41OTk4MTIwXSxbNTEuNTcyMTE3MCw3LjU5OTY4OTBdXSwNCgkJCQkJZ3JhcGhEaXN0ICAgICAgICAgIDogWzAuMDAsMzIuMzIsNjUuMzYsNzkuOTMsMTA5LjcwLDEzMS4zMiwxOTYuNjIsMjEwLjc0LDIyNy44MiwyOTAuNjgsMzA5LjIyLDMzOS40NywzNjEuNTIsNDA3LjcyLDQ0Ni4wMSw1MTguNDYsNTI5Ljg2LDU0Ni4yOCw1NjMuNDUsNTk4LjkyLDYzMy4yNyw2NTguOTIsNjcyLjk3LDY4Ny40NSw3MTYuNTQsNzMxLjU1LDc1Mi42MCw3OTYuOTcsODEzLjY1LDgyNC43MSw4NzEuNTcsODk0LjMwLDkwNy41Miw5MjIuNzEsOTQ3LjExLDk3Ny43Myw5OTguMDAsMTAxNC41MCwxMDI3Ljk0LDEwNTUuMTYsMTA3OC40NywxMTE0LjY5LDExNDIuNzksMTE4My43NSwxMjExLjMyLDEyMzUuMzEsMTI0OS4xOSwxMjY4LjY5LDEzNjguMTUsMTQwMC42MCwxNDQyLjMyLDE0NzYuNzMsMTQ5NC4yOSwxNTQ2LjU4LDE1ODQuODMsMTYyMS4wNywxNjQ5LjcxLDE2NzQuOTQsMTY5NS44MiwxNzEzLjg3LDE3NTIuMTQsMTc5MS4yNCwxODA3Ljk1LDE4MjcuMzYsMTg0Mi41NiwxODU4LjY1LDE4ODQuMTcsMTg5Ni4wOCwxOTE3LjEyLDE5NDkuNDUsMTk5Ni40MSwyMDA5LjEyLDIwMzAuMTMsMjA0NS43MCwyMDYyLjQxLDIxNzYuMTIsMjMzNS4zMCwyMzYzLjY0LDI0MjkuMzUsMjQ2Mi4wMSwyNDk0Ljc0LDI1MjMuMjYsMjU4OC44NywyNjAyLjY4LDI2MTguMTcsMjYzNi45OSwyNjY1LjI2LDI3MjcuNjAsMjc0Ni4yMiwyNzc2LjMyLDI4MTIuODcsMjg0Ny43MiwyOTM5LjYwLDI5NjguMjEsMzAwNS4zOSwzMDM1LjE4LDMxNjAuMDMsMzE3Ni4wNywzMTg5LjQ4LDMyMTMuMjQsMzIzNS40MywzMjgzLjU1LDMzMDQuMjYsMzM1NC44MSwzMzY5LjM0LDMzOTkuMjIsMzQ0Ni44NywzNDgxLjIzLDM0OTMuMzYsMzUxMS4wNCwzNTM3LjY2LDM1NTUuODAsMzU3MC4yNCwzNjAzLjg4LDM2MzEuNjcsMzY2MS40MiwzNjc2LjgxLDM2OTEuODIsMzgwOC4yNiwzOTA5LjYwLDM5NDEuMzYsMzk4OS44NCw0MDM5LjM3LDQwOTIuNTEsNDEwOC44Myw0MTQ4LjE4LDQxNjQuNTUsNDE5NC4zMiw0MjQ3LjA0LDQzNjQuMzIsNDQyMy4xMSw0NDkzLjc5LDQ1NDcuNDYsNDU2OS41MSw0NTk4LjczLDQ3MzguNzcsNDc2NC40Miw0ODE3LjgxLDQ4MjkuODYsNDg3OS44Miw0OTAyLjE5LDQ5MTguNzUsNDkzMi4xMSw0OTU1Ljg1LDQ5NjUuODgsNDk4Mi4zNCw1MDM4LjkxLDUwNjAuMzQsNTEwMy41MSw1MTQ1LjcwLDUxNjQuMjYsNTIwNS4yNCw1MjQ1LjI0LDUyNTguNjcsNTI4My43NSw1MzE1LjAyLDUzNDAuOTgsNTM2OS43OCw1Mzg0LjQzLDU0MDkuNzgsNTUyNC40MSw1NTQ1LjQ1LDU1ODkuNzksNTYwOS45Nyw1Njc0LjEwLDU3MDEuMzEsNTc1NS42MSw1Nzg1Ljk2LDU4MTEuMDQsNTgzMS4xMiw1ODQzLjgxLDU5MDIuMDQsNTkzMS43Miw2MDI3LjcwLDYwNDUuNTMsNjA3My4yOCw2MTExLjY4LDYxODkuOTAsNjI0Ni41NSw2MjYwLjU3LDYyNzguNzcsNjI5NC4zNSw2MzI0LjQzLDYzMzcuMTcsNjM0OC44Miw2MzgwLjUyLDY0MzMuODYsNjQ2Ny43Niw2NDgzLjEzLDY1MDQuODcsNjUyMC4wMyw2NTY1LjcxLDY1ODguMTYsNjYyMy42MCw2NjUzLjk0LDY2NzEuOTcsNjY5Ni44Myw2NzM3Ljk5LDY3NjAuNzEsNjc4OC4wMCw2ODI4LjEwLDY4NzEuNjAsNjk2Mi45MCw2OTgxLjA3LDY5OTEuMzUsNzAwNC4xMiw3MDMyLjA4XSwNCgkJCQkJZ3JhcGhFbGUgICAgICAgICAgIDogWzk1LjYwLDY0LjYyLDkxLjE2LDkzLjgzLDEwMi43NSwxMDUuNDMsMTExLjE4LDExMC45NywxMTEuMzMsMTE1LjIxLDExMy45NywxMTIuMzEsMTExLjA4LDEwOC4xNCwxMDEuNjUsOTIuNDQsOTIuMzIsOTMuMzEsOTUuMzAsOTcuODAsOTguNzEsMTA0LjkyLDEwNy4wNCwxMDguOTMsMTA5LjM2LDExMC43MCwxMTEuNTgsMTA5LjQ1LDExMS4yNywxMTMuMDEsMTE2LjYyLDExNi40OSwxMTYuMjIsMTE1Ljk1LDExNC42NywxMTUuMDMsMTEzLjEzLDEwOS4zMiwxMDYuNDUsMTA0LjIyLDEwNC43NSwxMDYuMTcsMTA4LjcyLDEwOC40MywxMDIuNzgsOTguOTksOTcuMzAsMTAzLjYyLDEwNi42NiwxMDguNzMsMTExLjY2LDExNi43MywxMTkuMTAsMTE3LjcwLDEyMC4yOCwxMjEuOTgsMTIxLjU4LDEyMS4yNiwxMjAuODUsMTE5Ljc2LDExOS43OSwxMjAuNDIsMTE5LjY2LDExOC44MywxMTkuMjgsMTE5LjM3LDExOC43MCwxMTguMTIsMTE3Ljg1LDExOS43NCwxMTguNzcsMTE5LjM2LDExOC45NiwxMTkuMDAsMTE4LjA5LDExNC43OSwxMTcuMzgsMTE4LjE0LDExOC42NywxMjAuODcsMTIwLjkxLDEyMC43MCwxMjIuNDAsMTIzLjUxLDEyNC4xMSwxMjQuODUsMTIyLjk0LDEyMi41NSwxMjIuOTAsMTIwLjgwLDExNS43OSwxMTIuMzIsMTEwLjEzLDEwOS43NSwxMDUuMDYsMTAyLjc3LDExMi43NSwxMTQuNTEsMTE1LjgxLDExNy45NiwxMTguNTUsMTE3Ljc2LDEyMC4wMywxMjUuMzcsMTIzLjkwLDEyNC4wNCwxMjYuNDMsMTI1LjA5LDEyNS4zMiwxMjUuMzYsMTI0Ljk5LDEyNC40OSwxMjMuNjQsMTIwLjkzLDExOS4wNywxMTQuODcsMTEzLjU5LDExNi4xOSwxMDkuMDAsMTA2LjkxLDEwNS42NSwxMDUuMTQsMTA1LjUzLDEwMy40NSwxMDMuMjcsMTA0LjA1LDEwNC41NiwxMDUuODAsMTA5LjE0LDExMy40MSwxMTAuMTksMTExLjY2LDExMC43NCwxMDkuNDksMTA4LjcxLDEwMy45NSwxMDIuNzIsMTAwLjE2LDk4LjgxLDk5LjkwLDEwMC4xOCwxMDAuNzMsMTAwLjU3LDEwMS4yNSwxMDEuNjYsMTAxLjk1LDEwMS45OSwxMDEuODAsMTAxLjQ4LDEwMi4wMCwxMDEuOTQsMTAwLjg1LDEwMi42NCwxMDMuMTksMTA0LjUxLDEwNi4wMiwxMDguMDIsMTA1LjMxLDEwNC4yNywxMDQuMDgsMTEwLjk0LDExNC4zMCwxMTQuMDUsMTExLjY3LDExMS45OCwxMTEuNDIsMTA1LjQ1LDEwMy4zOCwxMDIuMDUsMTAwLjY1LDEwMC43NCwxMDMuMTgsMTA1LjEwLDEwMi41OSwxMDAuOTgsMTAyLjU5LDEwNy40NCwxMDkuMjksMTEzLjYwLDExMi45MSwxMTEuNTgsMTExLjkyLDExMy42OSwxMTUuNDUsMTE2LjcxLDExNi40NywxMDguMjIsMTAzLjY5LDEwMi45NywxMDEuOTMsMTAxLjA3LDk4LjQxLDk5LjAxLDEwMi41NCwxMDQuNDQsMTA1LjUyLDEwNi42MiwxMDcuNzIsMTA4LjA4LDEwOS4wOCwxMDcuNzEsMTA5Ljc4LDEwNy4wMiwxMDUuNTYsMTA1LjMzLDEwNS4xNSwxMDkuNzJdLA0KCQkJCQlncmFwaFNwZWVkICAgICAgICAgOiBbXSwNCgkJCQkJZ3JhcGhIciAgICAgICAgICAgIDogW10sDQoJCQkJCWdyYXBoQXRlbXAgICAgICAgICA6IFtdLA0KCQkJCQlncmFwaENhZCAgICAgICAgICAgOiBbXSwNCgkJCQkJZ3JhcGhHcmFkZSAgICAgICAgIDogW10sDQoJCQkJCXdheXBvaW50cyAgICAgICAgICA6IFtdLA0KCQkJCQl1bml0ICAgICAgICAgICAgICAgOiAiMCIsDQoJCQkJCXVuaXRzcGVlZCAgICAgICAgICA6ICIwIiwNCgkJCQkJY29sb3IxICAgICAgICAgICAgIDogWyIjMzM2NmNjIl0sDQoJCQkJCWNvbG9yMiAgICAgICAgICAgICA6ICIjMzM2NmNjIiwNCgkJCQkJY29sb3IzICAgICAgICAgICAgIDogIiNmZjAwMDAiLA0KCQkJCQljb2xvcjQgICAgICAgICAgICAgOiAiI2ZmNzdiZCIsDQoJCQkJCWNvbG9yNSAgICAgICAgICAgICA6ICIjYmVlY2ZmIiwNCgkJCQkJY29sb3I2ICAgICAgICAgICAgIDogIiNiZWVjZmYiLA0KCQkJCQljb2xvcjcgICAgICAgICAgICAgOiAiI2ZmNzdiZCIsDQoJCQkJCWNoYXJ0RnJvbTEgICAgICAgICA6ICIiLA0KCQkJCQljaGFydFRvMSAgICAgICAgICAgOiAiIiwNCgkJCQkJY2hhcnRGcm9tMiAgICAgICAgIDogIiIsDQoJCQkJCWNoYXJ0VG8yICAgICAgICAgICA6ICIiLA0KCQkJCQlzdGFydEljb24gICAgICAgICAgOiAiaHR0cHM6Ly93d3cud2FuZGVyd2VnZXdlbHQuZGUvYmxvZy93cC1jb250ZW50L3VwbG9hZHMvcmVkX3Bpbi5wbmciLA0KCQkJCQllbmRJY29uICAgICAgICAgICAgOiAiIiwNCgkJCQkJY3VycmVudEljb24gICAgICAgIDogIiIsDQoJCQkJCXdheXBvaW50SWNvbiAgICAgICA6ICIiLA0KCQkJCQljdXJyZW50cG9zaXRpb25jb24gOiAiIiwNCgkJCQkJdXNlZ3BzcG9zaXRpb24gICAgIDogIiIsDQoJCQkJCXpvb21PblNjcm9sbFdoZWVsICA6ICIiLA0KCQkJCQluZ0dhbGxlcmllcyAgICAgICAgOiBbXSwNCgkJCQkJbmdJbWFnZXMgICAgICAgICAgIDogW10sDQoJCQkJCXBsdWdpblVybCAgICAgICAgICA6ICJodHRwczovL3d3dy53YW5kZXJ3ZWdld2VsdC5kZS9ibG9nL3dwLWNvbnRlbnQvcGx1Z2lucyIsDQoJCQkJCVRGQXBpS2V5ICAgICAgICAgICA6ICIiLA0KCQkJCQlNYXBCb3hBcGlLZXkgICAgICAgICAgIDogIiIsDQoJCQkJCWxhbmdzICAgICAgICAgICAgICA6IHsNCgkJCQkJCWFsdGl0dWRlICAgICAgICA6ICJIw7ZoZSIsDQoJCQkJCQljdXJyZW50UG9zaXRpb24gOiAiQWt0dWVsbGUgUG9zaXRpb24iLA0KCQkJCQkJc3BlZWQgICAgICAgICAgIDogIkdlc2Nod2luZGlna2VpdCIsDQoJCQkJCQlncmFkZSAgICAgICAgICAgOiAiU3RlaWd1bmciLA0KCQkJCQkJaGVhcnRSYXRlICAgICAgIDogIkhlcnpmcmVxdWVueiIsDQoJCQkJCQlhdGVtcCAgICAgICAgICAgOiAiVGVtcGVyYXR1ciIsDQoJCQkJCQljYWRlbmNlICAgICAgICAgOiAiVHJpdHRmcmVxdWVueiIsDQoJCQkJCQlnb0Z1bGxTY3JlZW4gICAgOiAiVm9sbGJpbGRhbnNpY2h0IiwNCgkJCQkJCWV4aXRGdWxsRmNyZWVuICA6ICJWb2xsYmlsZCB2ZXJsYXNzZW4iLA0KCQkJCQkJaGlkZUltYWdlcyAgICAgIDogIkJpbGRlciB2ZXJiZXJnZW4iLA0KCQkJCQkJc2hvd0ltYWdlcyAgICAgIDogIkJpbGRlciB6ZWlnZW4iLA0KCQkJCQkJYmFja1RvQ2VudGVyCTogIlp1csO8Y2sgenVyIE1pdHRlIg0KCQkJCQl9DQoJCQkJfSk7DQoNCgkJCX0pOw0KDQoJCTwvc2NyaXB0PkRvd25sb2FkIGZpbGU6IDxhIGhyZWY9J2h0dHBzOi8vd3d3LndhbmRlcndlZ2V3ZWx0LmRlL2Jsb2cvd3AtY29udGVudC91cGxvYWRzLzAwMDAwOTcxLmdweCcgdGFyZ2V0PSdfbmV3JyBkb3dubG9hZD4wMDAwMDk3MS5ncHg8L2E+IA==\"><div class=\"brlbs-cmpnt-cb-preset-a\"> <p class=\"brlbs-cmpnt-cb-description\">Hier k\u00f6nnen Sie sich die Karte anschauen und den GPX-Track herunterladen. Bitte beachten Sie, dass dabei Daten an Drittanbieter weitergegeben werden.<\/p> <div class=\"brlbs-cmpnt-cb-buttons\"> <a class=\"brlbs-cmpnt-cb-btn\" href=\"#\" data-borlabs-cookie-unblock role=\"button\">Inhalt einmalig entsperren<\/a> <a class=\"brlbs-cmpnt-cb-btn\" href=\"#\" data-borlabs-cookie-accept-service role=\"button\" style=\"display: inherit\">Erforderlichen Service akzeptieren und Inhalte auch f\u00fcr die Zukunft entsperren<\/a> <\/div> <a class=\"brlbs-cmpnt-cb-provider-toggle\" href=\"#\" data-borlabs-cookie-show-provider-information role=\"button\">Weitere Informationen<\/a> <\/div><\/div>\n<div class=\"shariff shariff-align-left shariff-widget-align-left\" data-services=\"facebook%7Cpinterest%7Creddit%7Cvk\" data-url=\"https:\/\/www.wanderwegewelt.de\/blog\/tour-971-kamen-auf-dem-a2-noerdlich-vom-kurler-busch\/\" data-timestamp=\"1549019375\" data-backendurl=\"https:\/\/www.wanderwegewelt.de\/blog\/wp-json\/shariff\/v1\/share_counts?\"><ul class=\"shariff-buttons theme-round orientation-horizontal buttonsize-large\"><li class=\"shariff-button facebook shariff-nocustomcolor\" style=\"background-color:#4273c8;border-radius:20%\"><a href=\"https:\/\/www.facebook.com\/sharer\/sharer.php?u=https%3A%2F%2Fwww.wanderwegewelt.de%2Fblog%2Ftour-971-kamen-auf-dem-a2-noerdlich-vom-kurler-busch%2F\" title=\"Bei Facebook teilen\" aria-label=\"Bei Facebook teilen\" role=\"button\" rel=\"nofollow\" class=\"shariff-link\" style=\";border-radius:20%; background-color:#3b5998; color:#fff\" target=\"_blank\"><span class=\"shariff-icon\" style=\"\"><svg width=\"32px\" height=\"20px\" xmlns=\"http:\/\/www.w3.org\/2000\/svg\" viewBox=\"0 0 18 32\"><path fill=\"#3b5998\" d=\"M17.1 0.2v4.7h-2.8q-1.5 0-2.1 0.6t-0.5 1.9v3.4h5.2l-0.7 5.3h-4.5v13.6h-5.5v-13.6h-4.5v-5.3h4.5v-3.9q0-3.3 1.9-5.2t5-1.8q2.6 0 4.1 0.2z\"\/><\/svg><\/span><span data-service=\"facebook\" style=\"color:#3b5998\" class=\"shariff-count shariff-hidezero\"><\/span>&nbsp;<\/a><\/li><li class=\"shariff-button twitter shariff-nocustomcolor\" style=\"background-color:#595959;border-radius:20%\"><a href=\"https:\/\/twitter.com\/share?url=https%3A%2F%2Fwww.wanderwegewelt.de%2Fblog%2Ftour-971-kamen-auf-dem-a2-noerdlich-vom-kurler-busch%2F&text=Tour%20971%20%E2%80%93%20Kamen%20%E2%80%93%20Auf%20dem%20A2%20n%C3%B6rdlich%20vom%20Kurler%20Busch&via=wanderwegewelt\" title=\"Bei X teilen\" aria-label=\"Bei X teilen\" role=\"button\" rel=\"noopener nofollow\" class=\"shariff-link\" style=\";border-radius:20%; background-color:#000; color:#fff\" target=\"_blank\"><span class=\"shariff-icon\" style=\"\"><svg width=\"32px\" height=\"20px\" xmlns=\"http:\/\/www.w3.org\/2000\/svg\" viewBox=\"0 0 24 24\"><path fill=\"#000\" d=\"M14.258 10.152L23.176 0h-2.113l-7.747 8.813L7.133 0H0l9.352 13.328L0 23.973h2.113l8.176-9.309 6.531 9.309h7.133zm-2.895 3.293l-.949-1.328L2.875 1.56h3.246l6.086 8.523.945 1.328 7.91 11.078h-3.246zm0 0\"\/><\/svg><\/span><\/a><\/li><li class=\"shariff-button mastodon shariff-nocustomcolor\" style=\"background-color:#563ACC;border-radius:20%\"><a href=\"https:\/\/s2f.kytta.dev\/?text=Tour%20971%20%E2%80%93%20Kamen%20%E2%80%93%20Auf%20dem%20A2%20n%C3%B6rdlich%20vom%20Kurler%20Busch https%3A%2F%2Fwww.wanderwegewelt.de%2Fblog%2Ftour-971-kamen-auf-dem-a2-noerdlich-vom-kurler-busch%2F\" title=\"Bei Mastodon teilen\" aria-label=\"Bei Mastodon teilen\" role=\"button\" rel=\"noopener nofollow\" class=\"shariff-link\" style=\";border-radius:20%; background-color:#6364FF; color:#fff\" target=\"_blank\"><span class=\"shariff-icon\" style=\"\"><svg width=\"75\" height=\"79\" viewBox=\"0 0 75 79\" fill=\"none\" xmlns=\"http:\/\/www.w3.org\/2000\/svg\"><path d=\"M37.813-.025C32.462-.058 27.114.13 21.79.598c-8.544.621-17.214 5.58-20.203 13.931C-1.12 23.318.408 32.622.465 41.65c.375 7.316.943 14.78 3.392 21.73 4.365 9.465 14.781 14.537 24.782 15.385 7.64.698 15.761-.213 22.517-4.026a54.1 54.1 0 0 0 .01-6.232c-6.855 1.316-14.101 2.609-21.049 1.074-3.883-.88-6.876-4.237-7.25-8.215-1.53-3.988 3.78-.43 5.584-.883 9.048 1.224 18.282.776 27.303-.462 7.044-.837 14.26-4.788 16.65-11.833 2.263-6.135 1.215-12.79 1.698-19.177.06-3.84.09-7.692-.262-11.52C72.596 7.844 63.223.981 53.834.684a219.453 219.453 0 0 0-16.022-.71zm11.294 12.882c5.5-.067 10.801 4.143 11.67 9.653.338 1.48.471 3 .471 4.515v21.088h-8.357c-.07-7.588.153-15.182-.131-22.765-.587-4.368-7.04-5.747-9.672-2.397-2.422 3.04-1.47 7.155-1.67 10.735v6.392h-8.307c-.146-4.996.359-10.045-.404-15.002-1.108-4.218-7.809-5.565-10.094-1.666-1.685 3.046-.712 6.634-.976 9.936v14.767h-8.354c.109-8.165-.238-16.344.215-24.5.674-5.346 5.095-10.389 10.676-10.627 4.902-.739 10.103 2.038 12.053 6.631.375 1.435 1.76 1.932 1.994.084 1.844-3.704 5.501-6.739 9.785-6.771.367-.044.735-.068 1.101-.073z\"\/><defs><linearGradient id=\"paint0_linear_549_34\" x1=\"37.0692\" y1=\"0\" x2=\"37.0692\" y2=\"79\" gradientUnits=\"userSpaceOnUse\"><stop stop-color=\"#6364FF\"\/><stop offset=\"1\" stop-color=\"#563ACC\"\/><\/linearGradient><\/defs><\/svg><\/span><\/a><\/li><li class=\"shariff-button whatsapp shariff-nocustomcolor shariff-mobile\" style=\"background-color:#5cbe4a;border-radius:20%\"><a href=\"https:\/\/api.whatsapp.com\/send?text=https%3A%2F%2Fwww.wanderwegewelt.de%2Fblog%2Ftour-971-kamen-auf-dem-a2-noerdlich-vom-kurler-busch%2F%20Tour%20971%20%E2%80%93%20Kamen%20%E2%80%93%20Auf%20dem%20A2%20n%C3%B6rdlich%20vom%20Kurler%20Busch\" title=\"Bei Whatsapp teilen\" aria-label=\"Bei Whatsapp teilen\" role=\"button\" rel=\"noopener nofollow\" class=\"shariff-link\" style=\";border-radius:20%; background-color:#34af23; color:#fff\" target=\"_blank\"><span class=\"shariff-icon\" style=\"\"><svg width=\"32px\" height=\"20px\" xmlns=\"http:\/\/www.w3.org\/2000\/svg\" viewBox=\"0 0 32 32\"><path fill=\"#34af23\" d=\"M17.6 17.4q0.2 0 1.7 0.8t1.6 0.9q0 0.1 0 0.3 0 0.6-0.3 1.4-0.3 0.7-1.3 1.2t-1.8 0.5q-1 0-3.4-1.1-1.7-0.8-3-2.1t-2.6-3.3q-1.3-1.9-1.3-3.5v-0.1q0.1-1.6 1.3-2.8 0.4-0.4 0.9-0.4 0.1 0 0.3 0t0.3 0q0.3 0 0.5 0.1t0.3 0.5q0.1 0.4 0.6 1.6t0.4 1.3q0 0.4-0.6 1t-0.6 0.8q0 0.1 0.1 0.3 0.6 1.3 1.8 2.4 1 0.9 2.7 1.8 0.2 0.1 0.4 0.1 0.3 0 1-0.9t0.9-0.9zM14 26.9q2.3 0 4.3-0.9t3.6-2.4 2.4-3.6 0.9-4.3-0.9-4.3-2.4-3.6-3.6-2.4-4.3-0.9-4.3 0.9-3.6 2.4-2.4 3.6-0.9 4.3q0 3.6 2.1 6.6l-1.4 4.2 4.3-1.4q2.8 1.9 6.2 1.9zM14 2.2q2.7 0 5.2 1.1t4.3 2.9 2.9 4.3 1.1 5.2-1.1 5.2-2.9 4.3-4.3 2.9-5.2 1.1q-3.5 0-6.5-1.7l-7.4 2.4 2.4-7.2q-1.9-3.2-1.9-6.9 0-2.7 1.1-5.2t2.9-4.3 4.3-2.9 5.2-1.1z\"\/><\/svg><\/span><\/a><\/li><li class=\"shariff-button threema shariff-nocustomcolor shariff-mobile\" style=\"background-color:#4fbc24;border-radius:20%\"><a href=\"threema:\/\/compose?text=Tour%20971%20%E2%80%93%20Kamen%20%E2%80%93%20Auf%20dem%20A2%20n%C3%B6rdlich%20vom%20Kurler%20Busch%20https%3A%2F%2Fwww.wanderwegewelt.de%2Fblog%2Ftour-971-kamen-auf-dem-a2-noerdlich-vom-kurler-busch%2F\" title=\"Bei Threema teilen\" aria-label=\"Bei Threema teilen\" role=\"button\" rel=\"noopener nofollow\" class=\"shariff-link\" style=\";border-radius:20%; background-color:#1f1f1f; color:#fff\" target=\"_blank\"><span class=\"shariff-icon\" style=\"\"><svg width=\"32px\" height=\"20px\" xmlns=\"http:\/\/www.w3.org\/2000\/svg\" viewBox=\"0 0 32 32\"><path fill=\"#1f1f1f\" d=\"M30.8 10.9c-0.3-1.4-0.9-2.6-1.8-3.8-2-2.6-5.5-4.5-9.4-5.2-1.3-0.2-1.9-0.3-3.5-0.3s-2.2 0-3.5 0.3c-4 0.7-7.4 2.6-9.4 5.2-0.9 1.2-1.5 2.4-1.8 3.8-0.1 0.5-0.2 1.2-0.2 1.6 0 0.4 0.1 1.1 0.2 1.6 0.4 1.9 1.3 3.4 2.9 5 0.8 0.8 0.8 0.8 0.7 1.3 0 0.6-0.5 1.6-1.7 3.6-0.3 0.5-0.5 0.9-0.5 0.9 0 0.1 0.1 0.1 0.5 0 0.8-0.2 2.3-0.6 5.6-1.6 1.1-0.3 1.3-0.4 2.3-0.4 0.8 0 1.1 0 2.3 0.2 1.5 0.2 3.5 0.2 4.9 0 5.1-0.6 9.3-2.9 11.4-6.3 0.5-0.9 0.9-1.8 1.1-2.8 0.1-0.5 0.2-1.1 0.2-1.6 0-0.7-0.1-1.1-0.2-1.6-0.3-1.4 0.1 0.5 0 0zM20.6 17.3c0 0.4-0.4 0.8-0.8 0.8h-7.7c-0.4 0-0.8-0.4-0.8-0.8v-4.6c0-0.4 0.4-0.8 0.8-0.8h0.2l0-1.6c0-0.9 0-1.8 0.1-2 0.1-0.6 0.6-1.2 1.1-1.7s1.1-0.7 1.9-0.8c1.8-0.3 3.7 0.7 4.2 2.2 0.1 0.3 0.1 0.7 0.1 2.1v0 1.7h0.1c0.4 0 0.8 0.4 0.8 0.8v4.6zM15.6 7.3c-0.5 0.1-0.8 0.3-1.2 0.6s-0.6 0.8-0.7 1.3c0 0.2 0 0.8 0 1.5l0 1.2h4.6v-1.3c0-1 0-1.4-0.1-1.6-0.3-1.1-1.5-1.9-2.6-1.7zM25.8 28.2c0 1.2-1 2.2-2.1 2.2s-2.1-1-2.1-2.1c0-1.2 1-2.1 2.2-2.1s2.2 1 2.2 2.2zM18.1 28.2c0 1.2-1 2.2-2.1 2.2s-2.1-1-2.1-2.1c0-1.2 1-2.1 2.2-2.1s2.2 1 2.2 2.2zM10.4 28.2c0 1.2-1 2.2-2.1 2.2s-2.1-1-2.1-2.1c0-1.2 1-2.1 2.2-2.1s2.2 1 2.2 2.2z\"\/><\/svg><\/span><\/a><\/li><li class=\"shariff-button pinterest shariff-nocustomcolor\" style=\"background-color:#e70f18;border-radius:20%\"><a href=\"https:\/\/www.pinterest.com\/pin\/create\/link\/?url=https%3A%2F%2Fwww.wanderwegewelt.de%2Fblog%2Ftour-971-kamen-auf-dem-a2-noerdlich-vom-kurler-busch%2F&media=https%3A%2F%2Fwww.wanderwegewelt.de%2Fblog%2Fwp-content%2Fuploads%2F00000671-1.jpg&description=Tour%20971%20%E2%80%93%20Kamen%20%E2%80%93%20Auf%20dem%20A2%20n%C3%B6rdlich%20vom%20Kurler%20Busch\" title=\"Bei Pinterest pinnen\" aria-label=\"Bei Pinterest pinnen\" role=\"button\" rel=\"noopener nofollow\" class=\"shariff-link\" style=\";border-radius:20%; background-color:#cb2027; color:#fff\" target=\"_blank\"><span class=\"shariff-icon\" style=\"\"><svg width=\"32px\" height=\"20px\" xmlns=\"http:\/\/www.w3.org\/2000\/svg\" viewBox=\"0 0 27 32\"><path fill=\"#cb2027\" d=\"M27.4 16q0 3.7-1.8 6.9t-5 5-6.9 1.9q-2 0-3.9-0.6 1.1-1.7 1.4-2.9 0.2-0.6 1-3.8 0.4 0.7 1.3 1.2t2 0.5q2.1 0 3.8-1.2t2.7-3.4 0.9-4.8q0-2-1.1-3.8t-3.1-2.9-4.5-1.2q-1.9 0-3.5 0.5t-2.8 1.4-2 2-1.2 2.3-0.4 2.4q0 1.9 0.7 3.3t2.1 2q0.5 0.2 0.7-0.4 0-0.1 0.1-0.5t0.2-0.5q0.1-0.4-0.2-0.8-0.9-1.1-0.9-2.7 0-2.7 1.9-4.6t4.9-2q2.7 0 4.2 1.5t1.5 3.8q0 3-1.2 5.2t-3.1 2.1q-1.1 0-1.7-0.8t-0.4-1.9q0.1-0.6 0.5-1.7t0.5-1.8 0.2-1.4q0-0.9-0.5-1.5t-1.4-0.6q-1.1 0-1.9 1t-0.8 2.6q0 1.3 0.4 2.2l-1.8 7.5q-0.3 1.2-0.2 3.2-3.7-1.6-6-5t-2.3-7.6q0-3.7 1.9-6.9t5-5 6.9-1.9 6.9 1.9 5 5 1.8 6.9z\"\/><\/svg><\/span><span data-service=\"pinterest\" style=\"color:#cb2027\" class=\"shariff-count\"> 0<\/span>&nbsp;<\/a><\/li><li class=\"shariff-button xing shariff-nocustomcolor\" style=\"background-color:#29888a;border-radius:20%\"><a href=\"https:\/\/www.xing.com\/spi\/shares\/new?url=https%3A%2F%2Fwww.wanderwegewelt.de%2Fblog%2Ftour-971-kamen-auf-dem-a2-noerdlich-vom-kurler-busch%2F\" title=\"Bei XING teilen\" aria-label=\"Bei XING teilen\" role=\"button\" rel=\"noopener nofollow\" class=\"shariff-link\" style=\";border-radius:20%; background-color:#126567; color:#fff\" target=\"_blank\"><span class=\"shariff-icon\" style=\"\"><svg width=\"32px\" height=\"20px\" xmlns=\"http:\/\/www.w3.org\/2000\/svg\" viewBox=\"0 0 25 32\"><path fill=\"#126567\" d=\"M10.7 11.9q-0.2 0.3-4.6 8.2-0.5 0.8-1.2 0.8h-4.3q-0.4 0-0.5-0.3t0-0.6l4.5-8q0 0 0 0l-2.9-5q-0.2-0.4 0-0.7 0.2-0.3 0.5-0.3h4.3q0.7 0 1.2 0.8zM25.1 0.4q0.2 0.3 0 0.7l-9.4 16.7 6 11q0.2 0.4 0 0.6-0.2 0.3-0.6 0.3h-4.3q-0.7 0-1.2-0.8l-6-11.1q0.3-0.6 9.5-16.8 0.4-0.8 1.2-0.8h4.3q0.4 0 0.5 0.3z\"\/><\/svg><\/span><\/a><\/li><li class=\"shariff-button linkedin shariff-nocustomcolor\" style=\"background-color:#1488bf;border-radius:20%\"><a href=\"https:\/\/www.linkedin.com\/sharing\/share-offsite\/?url=https%3A%2F%2Fwww.wanderwegewelt.de%2Fblog%2Ftour-971-kamen-auf-dem-a2-noerdlich-vom-kurler-busch%2F\" title=\"Bei LinkedIn teilen\" aria-label=\"Bei LinkedIn teilen\" role=\"button\" rel=\"noopener nofollow\" class=\"shariff-link\" style=\";border-radius:20%; background-color:#0077b5; color:#fff\" target=\"_blank\"><span class=\"shariff-icon\" style=\"\"><svg width=\"32px\" height=\"20px\" xmlns=\"http:\/\/www.w3.org\/2000\/svg\" viewBox=\"0 0 27 32\"><path fill=\"#0077b5\" d=\"M6.2 11.2v17.7h-5.9v-17.7h5.9zM6.6 5.7q0 1.3-0.9 2.2t-2.4 0.9h0q-1.5 0-2.4-0.9t-0.9-2.2 0.9-2.2 2.4-0.9 2.4 0.9 0.9 2.2zM27.4 18.7v10.1h-5.9v-9.5q0-1.9-0.7-2.9t-2.3-1.1q-1.1 0-1.9 0.6t-1.2 1.5q-0.2 0.5-0.2 1.4v9.9h-5.9q0-7.1 0-11.6t0-5.3l0-0.9h5.9v2.6h0q0.4-0.6 0.7-1t1-0.9 1.6-0.8 2-0.3q3 0 4.9 2t1.9 6z\"\/><\/svg><\/span><\/a><\/li><li class=\"shariff-button reddit shariff-nocustomcolor\" style=\"background-color:#ff5700;border-radius:20%\"><a href=\"https:\/\/www.reddit.com\/submit?url=https%3A%2F%2Fwww.wanderwegewelt.de%2Fblog%2Ftour-971-kamen-auf-dem-a2-noerdlich-vom-kurler-busch%2F\" title=\"Bei Reddit teilen\" aria-label=\"Bei Reddit teilen\" role=\"button\" rel=\"noopener nofollow\" class=\"shariff-link\" style=\";border-radius:20%; background-color:#ff4500; color:#fff\" target=\"_blank\"><span class=\"shariff-icon\" style=\"\"><svg xmlns=\"http:\/\/www.w3.org\/2000\/svg\" viewBox=\"0 0 512 512\"><path fill=\"#ff4500\" d=\"M440.3 203.5c-15 0-28.2 6.2-37.9 15.9-35.7-24.7-83.8-40.6-137.1-42.3L293 52.3l88.2 19.8c0 21.6 17.6 39.2 39.2 39.2 22 0 39.7-18.1 39.7-39.7s-17.6-39.7-39.7-39.7c-15.4 0-28.7 9.3-35.3 22l-97.4-21.6c-4.9-1.3-9.7 2.2-11 7.1L246.3 177c-52.9 2.2-100.5 18.1-136.3 42.8-9.7-10.1-23.4-16.3-38.4-16.3-55.6 0-73.8 74.6-22.9 100.1-1.8 7.9-2.6 16.3-2.6 24.7 0 83.8 94.4 151.7 210.3 151.7 116.4 0 210.8-67.9 210.8-151.7 0-8.4-.9-17.2-3.1-25.1 49.9-25.6 31.5-99.7-23.8-99.7zM129.4 308.9c0-22 17.6-39.7 39.7-39.7 21.6 0 39.2 17.6 39.2 39.7 0 21.6-17.6 39.2-39.2 39.2-22 .1-39.7-17.6-39.7-39.2zm214.3 93.5c-36.4 36.4-139.1 36.4-175.5 0-4-3.5-4-9.7 0-13.7 3.5-3.5 9.7-3.5 13.2 0 27.8 28.5 120 29 149 0 3.5-3.5 9.7-3.5 13.2 0 4.1 4 4.1 10.2.1 13.7zm-.8-54.2c-21.6 0-39.2-17.6-39.2-39.2 0-22 17.6-39.7 39.2-39.7 22 0 39.7 17.6 39.7 39.7-.1 21.5-17.7 39.2-39.7 39.2z\"\/><\/svg><\/span><span data-service=\"reddit\" style=\"color:#ff4500\" class=\"shariff-count shariff-hidezero\"><\/span>&nbsp;<\/a><\/li><li class=\"shariff-button vk shariff-nocustomcolor\" style=\"background-color:#4273c8;border-radius:20%\"><a href=\"https:\/\/vk.com\/share.php?url=https%3A%2F%2Fwww.wanderwegewelt.de%2Fblog%2Ftour-971-kamen-auf-dem-a2-noerdlich-vom-kurler-busch%2F\" title=\"Bei VK teilen\" aria-label=\"Bei VK teilen\" role=\"button\" rel=\"noopener nofollow\" class=\"shariff-link\" style=\";border-radius:20%; background-color:#527498; color:#fff\" target=\"_blank\"><span class=\"shariff-icon\" style=\"\"><svg width=\"32px\" height=\"20px\" xmlns=\"http:\/\/www.w3.org\/2000\/svg\" viewBox=\"0 0 34 32\"><path fill=\"#527498\" d=\"M34.2 9.3q0.4 1.1-2.7 5.3-0.4 0.6-1.2 1.5-1.4 1.8-1.6 2.3-0.3 0.7 0.3 1.4 0.3 0.4 1.4 1.5h0l0.1 0.1q2.5 2.3 3.4 3.9 0.1 0.1 0.1 0.2t0.1 0.5 0 0.6-0.4 0.5-1.1 0.2l-4.6 0.1q-0.4 0.1-1-0.1t-0.9-0.4l-0.4-0.2q-0.5-0.4-1.2-1.1t-1.2-1.4-1.1-1-1-0.3q-0.1 0-0.1 0.1t-0.3 0.3-0.4 0.5-0.3 0.9-0.1 1.4q0 0.3-0.1 0.5t-0.1 0.3l-0.1 0.1q-0.3 0.3-0.9 0.4h-2.1q-1.3 0.1-2.6-0.3t-2.3-0.9-1.8-1.2-1.3-1l-0.4-0.4q-0.2-0.2-0.5-0.5t-1.3-1.6-1.9-2.7-2.2-3.8-2.3-4.9q-0.1-0.3-0.1-0.5t0.1-0.3l0.1-0.1q0.3-0.3 1-0.3l4.9 0q0.2 0 0.4 0.1t0.3 0.2l0.1 0.1q0.3 0.2 0.4 0.6 0.4 0.9 0.8 1.8t0.7 1.5l0.3 0.5q0.5 1.1 1 1.9t0.9 1.2 0.7 0.7 0.6 0.3 0.5-0.1q0 0 0.1-0.1t0.2-0.4 0.2-0.8 0.2-1.4 0-2.2q0-0.7-0.2-1.3t-0.2-0.8l-0.1-0.2q-0.4-0.6-1.5-0.8-0.2 0 0.1-0.4 0.3-0.3 0.7-0.5 0.9-0.5 4.3-0.4 1.5 0 2.4 0.2 0.4 0.1 0.6 0.2t0.4 0.4 0.2 0.6 0.1 0.8 0 1 0 1.3 0 1.5q0 0.2 0 0.8t0 0.9 0.1 0.7 0.2 0.7 0.4 0.4q0.1 0 0.3 0.1t0.5-0.2 0.7-0.6 0.9-1.2 1.2-1.9q1.1-1.9 1.9-4 0.1-0.2 0.2-0.3t0.2-0.2l0.1-0.1 0.1 0t0.2-0.1 0.4 0l5.1 0q0.7-0.1 1.1 0t0.6 0.3z\"\/><\/svg><\/span><span data-service=\"vk\" style=\"color:#527498\" class=\"shariff-count\"> 0<\/span>&nbsp;<\/a><\/li><li class=\"shariff-button diaspora shariff-nocustomcolor\" style=\"background-color:#b3b3b3;border-radius:20%\"><a href=\"https:\/\/share.diasporafoundation.org\/?url=https%3A%2F%2Fwww.wanderwegewelt.de%2Fblog%2Ftour-971-kamen-auf-dem-a2-noerdlich-vom-kurler-busch%2F&title=Tour%20971%20%E2%80%93%20Kamen%20%E2%80%93%20Auf%20dem%20A2%20n%C3%B6rdlich%20vom%20Kurler%20Busch\" title=\"Bei diaspora* teilen\" aria-label=\"Bei diaspora* teilen\" role=\"button\" rel=\"noopener nofollow\" class=\"shariff-link\" style=\";border-radius:20%; background-color:#999; color:#fff\" target=\"_blank\"><span class=\"shariff-icon\" style=\"\"><svg width=\"32px\" height=\"20px\" xmlns=\"http:\/\/www.w3.org\/2000\/svg\" viewBox=\"0 0 33 32\"><path fill=\"#999\" d=\"M20.6 28.2c-0.8-1.2-2.1-2.9-2.9-4-0.8-1.1-1.4-1.9-1.4-1.9s-1.2 1.6-2.8 3.8c-1.5 2.1-2.8 3.8-2.8 3.8 0 0-5.5-3.9-5.5-3.9 0 0 1.2-1.8 2.8-4s2.8-4 2.8-4.1c0-0.1-0.5-0.2-4.4-1.5-2.4-0.8-4.4-1.5-4.4-1.5 0 0 0.2-0.8 1-3.2 0.6-1.8 1-3.2 1.1-3.3s2.1 0.6 4.6 1.5c2.5 0.8 4.6 1.5 4.6 1.5s0.1 0 0.1-0.1c0 0 0-2.2 0-4.8s0-4.7 0.1-4.7c0 0 0.7 0 3.3 0 1.8 0 3.3 0 3.4 0 0 0 0.1 1.4 0.2 4.6 0.1 5.2 0.1 5.3 0.2 5.3 0 0 2-0.7 4.5-1.5s4.4-1.5 4.4-1.5c0 0.1 2 6.5 2 6.5 0 0-2 0.7-4.5 1.5-3.4 1.1-4.5 1.5-4.5 1.6 0 0 1.2 1.8 2.6 3.9 1.5 2.1 2.6 3.9 2.6 3.9 0 0-5.4 4-5.5 4 0 0-0.7-0.9-1.5-2.1z\"\/><\/svg><\/span><\/a><\/li><li class=\"shariff-button mailto shariff-nocustomcolor\" style=\"background-color:#a8a8a8;border-radius:20%\"><a href=\"mailto:?body=https%3A%2F%2Fwww.wanderwegewelt.de%2Fblog%2Ftour-971-kamen-auf-dem-a2-noerdlich-vom-kurler-busch%2F&subject=Tour%20971%20%E2%80%93%20Kamen%20%E2%80%93%20Auf%20dem%20A2%20n%C3%B6rdlich%20vom%20Kurler%20Busch\" title=\"Per E-Mail versenden\" aria-label=\"Per E-Mail versenden\" role=\"button\" rel=\"noopener nofollow\" class=\"shariff-link\" style=\";border-radius:20%; background-color:#999; color:#fff\"><span class=\"shariff-icon\" style=\"\"><svg width=\"32px\" height=\"20px\" xmlns=\"http:\/\/www.w3.org\/2000\/svg\" viewBox=\"0 0 32 32\"><path fill=\"#999\" d=\"M32 12.7v14.2q0 1.2-0.8 2t-2 0.9h-26.3q-1.2 0-2-0.9t-0.8-2v-14.2q0.8 0.9 1.8 1.6 6.5 4.4 8.9 6.1 1 0.8 1.6 1.2t1.7 0.9 2 0.4h0.1q0.9 0 2-0.4t1.7-0.9 1.6-1.2q3-2.2 8.9-6.1 1-0.7 1.8-1.6zM32 7.4q0 1.4-0.9 2.7t-2.2 2.2q-6.7 4.7-8.4 5.8-0.2 0.1-0.7 0.5t-1 0.7-0.9 0.6-1.1 0.5-0.9 0.2h-0.1q-0.4 0-0.9-0.2t-1.1-0.5-0.9-0.6-1-0.7-0.7-0.5q-1.6-1.1-4.7-3.2t-3.6-2.6q-1.1-0.7-2.1-2t-1-2.5q0-1.4 0.7-2.3t2.1-0.9h26.3q1.2 0 2 0.8t0.9 2z\"\/><\/svg><\/span><\/a><\/li><li class=\"shariff-button printer shariff-nocustomcolor\" style=\"background-color:#a8a8a8;border-radius:20%\"><a href=\"javascript:window.print()\" title=\"drucken\" aria-label=\"drucken\" role=\"button\" rel=\"noopener nofollow\" class=\"shariff-link\" style=\";border-radius:20%; background-color:#999; color:#fff\"><span class=\"shariff-icon\" style=\"\"><svg width=\"32px\" height=\"20px\" xmlns=\"http:\/\/www.w3.org\/2000\/svg\" viewBox=\"0 0 30 32\"><path fill=\"#999\" d=\"M6.8 27.4h16v-4.6h-16v4.6zM6.8 16h16v-6.8h-2.8q-0.7 0-1.2-0.5t-0.5-1.2v-2.8h-11.4v11.4zM27.4 17.2q0-0.5-0.3-0.8t-0.8-0.4-0.8 0.4-0.3 0.8 0.3 0.8 0.8 0.3 0.8-0.3 0.3-0.8zM29.7 17.2v7.4q0 0.2-0.2 0.4t-0.4 0.2h-4v2.8q0 0.7-0.5 1.2t-1.2 0.5h-17.2q-0.7 0-1.2-0.5t-0.5-1.2v-2.8h-4q-0.2 0-0.4-0.2t-0.2-0.4v-7.4q0-1.4 1-2.4t2.4-1h1.2v-9.7q0-0.7 0.5-1.2t1.2-0.5h12q0.7 0 1.6 0.4t1.3 0.8l2.7 2.7q0.5 0.5 0.9 1.4t0.4 1.6v4.6h1.1q1.4 0 2.4 1t1 2.4z\"\/><\/svg><\/span><\/a><\/li><li class=\"shariff-button info shariff-nocustomcolor\" style=\"background-color:#eee;border-radius:20%\"><a href=\"http:\/\/ct.de\/-2467514\" title=\"Weitere Informationen\" aria-label=\"Weitere Informationen\" role=\"button\" rel=\"noopener \" class=\"shariff-link\" style=\";border-radius:20%; background-color:#fff; color:#fff\" target=\"_blank\"><span class=\"shariff-icon\" style=\"\"><svg width=\"32px\" height=\"20px\" xmlns=\"http:\/\/www.w3.org\/2000\/svg\" viewBox=\"0 0 11 32\"><path fill=\"#999\" d=\"M11.4 24v2.3q0 0.5-0.3 0.8t-0.8 0.4h-9.1q-0.5 0-0.8-0.4t-0.4-0.8v-2.3q0-0.5 0.4-0.8t0.8-0.4h1.1v-6.8h-1.1q-0.5 0-0.8-0.4t-0.4-0.8v-2.3q0-0.5 0.4-0.8t0.8-0.4h6.8q0.5 0 0.8 0.4t0.4 0.8v10.3h1.1q0.5 0 0.8 0.4t0.3 0.8zM9.2 3.4v3.4q0 0.5-0.4 0.8t-0.8 0.4h-4.6q-0.4 0-0.8-0.4t-0.4-0.8v-3.4q0-0.4 0.4-0.8t0.8-0.4h4.6q0.5 0 0.8 0.4t0.4 0.8z\"\/><\/svg><\/span><\/a><\/li><li class=\"shariff-button rss shariff-nocustomcolor\" style=\"background-color:#ff8c00;border-radius:20%\"><a href=\"https:\/\/www.wanderwegewelt.de\/blog\/feed\/rss\/\" title=\"RSS-feed\" aria-label=\"RSS-feed\" role=\"button\" class=\"shariff-link\" style=\";border-radius:20%; background-color:#fe9312; color:#fff\" target=\"_blank\"><span class=\"shariff-icon\" style=\"\"><svg width=\"32px\" height=\"20px\" xmlns=\"http:\/\/www.w3.org\/2000\/svg\" viewBox=\"0 0 32 32\"><path fill=\"#fe9312\" d=\"M4.3 23.5c-2.3 0-4.3 1.9-4.3 4.3 0 2.3 1.9 4.2 4.3 4.2 2.4 0 4.3-1.9 4.3-4.2 0-2.3-1.9-4.3-4.3-4.3zM0 10.9v6.1c4 0 7.7 1.6 10.6 4.4 2.8 2.8 4.4 6.6 4.4 10.6h6.2c0-11.7-9.5-21.1-21.1-21.1zM0 0v6.1c14.2 0 25.8 11.6 25.8 25.9h6.2c0-17.6-14.4-32-32-32z\"\/><\/svg><\/span><\/a><\/li><\/ul><\/div>","protected":false},"excerpt":{"rendered":"<p>Um den kleinen Kurler Busch Parkplatz 59174 Kamen, Lindenallee 1 (Wanderparkplatz gegen\u00fcber) Typ Rund L\u00e4nge 7,0 km Schwierigkeit Leicht H\u00f6henmeter Eben Literatur Keine Angabe Auf Karte Keine Angabe Beschilderung , wei\u00dfes A2 auf schwarzem Grund Wegbeschaffenheit Asphalt, Sand- und Waldwege Bemerkenswertes Kurler Busch, Wegef\u00fchrung entlang der &#8222;Lindenallee&#8220; Links Kurler Busch, Bewertung Details:<\/p>\n","protected":false},"author":2,"featured_media":15957,"comment_status":"open","ping_status":"open","sticky":false,"template":"","format":"image","meta":{"footnotes":""},"categories":[1,244,243,1170,299,247,298,265,239,253],"tags":[272,273,1172,1171,200,275,569,163,6,29,277,1173,278],"class_list":["post-15920","post","type-post","status-publish","format-image","has-post-thumbnail","hentry","category-allgemein","category-deutschland","category-europa","category-kamen","category-kreis-unna-regierungsbezirk-arnsberg","category-nordrhein-westfalen","category-regierungsbezirk-arnsberg","category-ruhrgebiet-deutschland-region","category-rundweg","category-zwischen-5-km-und-10-km","tag-deutschland","tag-europa","tag-kaiserau","tag-kamen","tag-kreis-unna","tag-nordrhein-westfalen","tag-regierungsbezirk-arnsberg","tag-ruhrgebiet","tag-rundwanderung","tag-rundwanderweg","tag-rundweg","tag-salzweg","tag-zwischen-5-km-und-10-km","post_format-post-format-image","entry","has-media"],"_links":{"self":[{"href":"https:\/\/www.wanderwegewelt.de\/blog\/wp-json\/wp\/v2\/posts\/15920","targetHints":{"allow":["GET"]}}],"collection":[{"href":"https:\/\/www.wanderwegewelt.de\/blog\/wp-json\/wp\/v2\/posts"}],"about":[{"href":"https:\/\/www.wanderwegewelt.de\/blog\/wp-json\/wp\/v2\/types\/post"}],"author":[{"embeddable":true,"href":"https:\/\/www.wanderwegewelt.de\/blog\/wp-json\/wp\/v2\/users\/2"}],"replies":[{"embeddable":true,"href":"https:\/\/www.wanderwegewelt.de\/blog\/wp-json\/wp\/v2\/comments?post=15920"}],"version-history":[{"count":5,"href":"https:\/\/www.wanderwegewelt.de\/blog\/wp-json\/wp\/v2\/posts\/15920\/revisions"}],"predecessor-version":[{"id":15962,"href":"https:\/\/www.wanderwegewelt.de\/blog\/wp-json\/wp\/v2\/posts\/15920\/revisions\/15962"}],"wp:featuredmedia":[{"embeddable":true,"href":"https:\/\/www.wanderwegewelt.de\/blog\/wp-json\/wp\/v2\/media\/15957"}],"wp:attachment":[{"href":"https:\/\/www.wanderwegewelt.de\/blog\/wp-json\/wp\/v2\/media?parent=15920"}],"wp:term":[{"taxonomy":"category","embeddable":true,"href":"https:\/\/www.wanderwegewelt.de\/blog\/wp-json\/wp\/v2\/categories?post=15920"},{"taxonomy":"post_tag","embeddable":true,"href":"https:\/\/www.wanderwegewelt.de\/blog\/wp-json\/wp\/v2\/tags?post=15920"}],"curies":[{"name":"wp","href":"https:\/\/api.w.org\/{rel}","templated":true}]}}