{"id":14517,"date":"2017-06-25T18:22:25","date_gmt":"2017-06-25T16:22:25","guid":{"rendered":"http:\/\/www.wanderwegewelt.de\/blog\/?p=14517"},"modified":"2025-07-08T11:02:01","modified_gmt":"2025-07-08T09:02:01","slug":"essen-gruene-hauptstadt-europas-2017","status":"publish","type":"post","link":"https:\/\/www.wanderwegewelt.de\/blog\/essen-gruene-hauptstadt-europas-2017\/","title":{"rendered":"Essen &#8211; Gr\u00fcne Hauptstadt Europas 2017"},"content":{"rendered":"<h2 style=\"text-align: center;\">\u00dcberraschungen in Essen.<br \/>\nDie gr\u00fcne Hauptstadt Europas 2017<\/h2>\n<figure id=\"attachment_14518\" aria-describedby=\"caption-attachment-14518\" style=\"width: 145px\" class=\"wp-caption alignleft\"><img loading=\"lazy\" decoding=\"async\" class=\"size-medium wp-image-14518\" src=\"https:\/\/www.wanderwegewelt.de\/blog\/wp-content\/uploads\/COMMUNITY_RGB_72dpi-145x300.jpg\" alt=\"ESSEN 2017 - Gr\u00fcne Hauptstadt Europas\" width=\"145\" height=\"300\" srcset=\"https:\/\/www.wanderwegewelt.de\/blog\/wp-content\/uploads\/COMMUNITY_RGB_72dpi-145x300.jpg 145w, https:\/\/www.wanderwegewelt.de\/blog\/wp-content\/uploads\/COMMUNITY_RGB_72dpi.jpg 233w\" sizes=\"auto, (max-width: 145px) 100vw, 145px\" \/><figcaption id=\"caption-attachment-14518\" class=\"wp-caption-text\">ESSEN 2017 &#8211; Gr\u00fcne Hauptstadt Europas<\/figcaption><\/figure>\n<p>Ende Mai trafen sich 18 Reise-, Heimat- und Wanderblogger in Essen. Anl\u00e4sslich der Ernennung Essens zur &#8222;Gr\u00fcnen Hauptstadt Europas 2017&#8220; bestand die M\u00f6glichkeit zu Erfahren wie sich der ehemaligen Kohle- und Stahlstandort zu eben dieser gr\u00fcnen Haupstadt entwickelte.<\/p>\n<h2>Homebase &#8211; Das Atlantic Congress Hotel<\/h2>\n<figure id=\"attachment_14519\" aria-describedby=\"caption-attachment-14519\" style=\"width: 300px\" class=\"wp-caption alignleft\"><img loading=\"lazy\" decoding=\"async\" class=\"size-medium wp-image-14519\" src=\"https:\/\/www.wanderwegewelt.de\/blog\/wp-content\/uploads\/20170528_094752-300x169.jpg\" alt=\"Atlantic Congress Hotel\" width=\"300\" height=\"169\" srcset=\"https:\/\/www.wanderwegewelt.de\/blog\/wp-content\/uploads\/20170528_094752-300x169.jpg 300w, https:\/\/www.wanderwegewelt.de\/blog\/wp-content\/uploads\/20170528_094752-768x432.jpg 768w, https:\/\/www.wanderwegewelt.de\/blog\/wp-content\/uploads\/20170528_094752-1024x576.jpg 1024w, https:\/\/www.wanderwegewelt.de\/blog\/wp-content\/uploads\/20170528_094752-700x394.jpg 700w\" sizes=\"auto, (max-width: 300px) 100vw, 300px\" \/><figcaption id=\"caption-attachment-14519\" class=\"wp-caption-text\">Atlantic Congress Hotel<\/figcaption><\/figure>\n<p>Als Ausgangspunkt aller Aktionen lud das <a href=\"https:\/\/www.atlantic-congress-hotel-messe-essen.de\/\" target=\"_blank\" rel=\"noopener\">Atlantic Congress Hotel<\/a> ein. Unmittelbar an der Messe Essen als auch am Grugapark gelegen, zeigte sich gleich hier das Wesen des gr\u00fcnen Gedankens innerhalb einer Metropole. Aber dar\u00fcber sp\u00e4ter mehr. Denn zuerst galt es nat\u00fcrlich die Unterkunft zu beziehen und kennenzulernen. Schon im Lift erkannte man die Liebe zum Detail. Wurden wir doch bereits hier per Bildschirm zur #RBRuhr willkommen gehei\u00dfen. Auf dem Zimmer fand ich dann mein pers\u00f6nliches Grubengold &#8211; Schokolade die den n\u00e4chsten Morgen nicht mehr erleben sollte.<\/p>\n<div class='photonic-flickr-stream photonic-stream ' id='photonic-flickr-stream-1'>\n\n\t<div id='photonic-flickr-stream-1-container' class='title-display-none photonic-level-1-container sizes-present photonic-masonry-layout photonic-thumbnail-effect-none' data-photonic-platform=\"flickr\" data-photonic-gallery-columns=\"auto\" data-photonic-query=\"columns=auto&amp;layout=masonry&amp;display=local&amp;popup=hide&amp;filter=&amp;filter_type=include&amp;more=&amp;panel=&amp;custom_classes=&amp;alignment=&amp;photo_layout=square&amp;caption=none&amp;thumb_size=s&amp;main_size=b&amp;tile_size=same&amp;video_size=Video Original&amp;privacy_filter=&amp;count=500&amp;page=1&amp;paginate=&amp;collections_display=expanded&amp;user_id=61810381@N02&amp;collection_id=&amp;photoset_id=&amp;gallery_id=&amp;photo_id=&amp;media=photos&amp;type=flickr&amp;style=default&amp;view=photos&amp;tags=RBRuhr-1&amp;tag_mode=any&amp;sort=date-taken-asc&amp;title_position=none&amp;fx=fade&amp;pause=1&amp;strip-style=thumbs&amp;controls=show&amp;iterate_level_3=1&amp;per_page=500&amp;photo_count=500&amp;overlay_size=s&amp;overlay_video_size=Video Original\">\n\t\t<figure class='photonic-level-1 photonic-thumb'>\n\t\t\t<a href='https:\/\/live.staticflickr.com\/4271\/34567057283_e3bf0cf66e_c.jpg' title='' rel='lightbox-photonic-flickr-stream-1' class='photonic-lb photonic-baguettebox baguettebox' data-photonic-media-type=\"image\" data-content-type=\"image\" data-photonic-deep=\"gallery[photonic-flickr-stream-1]\/34567057283\/\" data-title=\"Essen - Gr\u00fcne Hauptstadt Europas 2017\">\n\t\t\t\t<img alt='Essen - Gr\u00fcne Hauptstadt Europas 2017' class='masonry' data-src='https:\/\/live.staticflickr.com\/4271\/34567057283_e3bf0cf66e_c.jpg' loading='lazy' width='800' height='450' \/>\n\t\t\t<\/a>\n\t\t<\/figure>\n\t\t<figure class='photonic-level-1 photonic-thumb'>\n\t\t\t<a href='https:\/\/live.staticflickr.com\/4238\/34567057493_6179a34393_c.jpg' title='' rel='lightbox-photonic-flickr-stream-1' class='photonic-lb photonic-baguettebox baguettebox' data-photonic-media-type=\"image\" data-content-type=\"image\" data-photonic-deep=\"gallery[photonic-flickr-stream-1]\/34567057493\/\" data-title=\"Essen - Gr\u00fcne Hauptstadt Europas 2017\">\n\t\t\t\t<img alt='Essen - Gr\u00fcne Hauptstadt Europas 2017' class='masonry' data-src='https:\/\/live.staticflickr.com\/4238\/34567057493_6179a34393_c.jpg' loading='lazy' width='800' height='450' \/>\n\t\t\t<\/a>\n\t\t<\/figure>\n\t\t<figure class='photonic-level-1 photonic-thumb'>\n\t\t\t<a href='https:\/\/live.staticflickr.com\/4269\/34989987010_3bbee5bef8_c.jpg' title='' rel='lightbox-photonic-flickr-stream-1' class='photonic-lb photonic-baguettebox baguettebox' data-photonic-media-type=\"image\" data-content-type=\"image\" data-photonic-deep=\"gallery[photonic-flickr-stream-1]\/34989987010\/\" data-title=\"Essen - Gr\u00fcne Hauptstadt Europas 2017\">\n\t\t\t\t<img alt='Essen - Gr\u00fcne Hauptstadt Europas 2017' class='masonry' data-src='https:\/\/live.staticflickr.com\/4269\/34989987010_3bbee5bef8_c.jpg' loading='lazy' width='800' height='600' \/>\n\t\t\t<\/a>\n\t\t<\/figure>\n\t\t<figure class='photonic-level-1 photonic-thumb'>\n\t\t\t<a href='https:\/\/live.staticflickr.com\/4257\/34989989810_7f2f9c3203_c.jpg' title='' rel='lightbox-photonic-flickr-stream-1' class='photonic-lb photonic-baguettebox baguettebox' data-photonic-media-type=\"image\" data-content-type=\"image\" data-photonic-deep=\"gallery[photonic-flickr-stream-1]\/34989989810\/\" data-title=\"Essen - Gr\u00fcne Hauptstadt Europas 2017\">\n\t\t\t\t<img alt='Essen - Gr\u00fcne Hauptstadt Europas 2017' class='masonry' data-src='https:\/\/live.staticflickr.com\/4257\/34989989810_7f2f9c3203_c.jpg' loading='lazy' width='450' height='800' \/>\n\t\t\t<\/a>\n\t\t<\/figure>\n\t\t<figure class='photonic-level-1 photonic-thumb'>\n\t\t\t<a href='https:\/\/live.staticflickr.com\/4272\/35337519966_700e3f09bb_c.jpg' title='' rel='lightbox-photonic-flickr-stream-1' class='photonic-lb photonic-baguettebox baguettebox' data-photonic-media-type=\"image\" data-content-type=\"image\" data-photonic-deep=\"gallery[photonic-flickr-stream-1]\/35337519966\/\" data-title=\"Essen - Gr\u00fcne Hauptstadt Europas 2017\">\n\t\t\t\t<img alt='Essen - Gr\u00fcne Hauptstadt Europas 2017' class='masonry' data-src='https:\/\/live.staticflickr.com\/4272\/35337519966_700e3f09bb_c.jpg' loading='lazy' width='600' height='800' \/>\n\t\t\t<\/a>\n\t\t<\/figure>\n\t\t<figure class='photonic-level-1 photonic-thumb'>\n\t\t\t<a href='https:\/\/live.staticflickr.com\/4214\/35337522766_23dd0205b4_c.jpg' title='' rel='lightbox-photonic-flickr-stream-1' class='photonic-lb photonic-baguettebox baguettebox' data-photonic-media-type=\"image\" data-content-type=\"image\" data-photonic-deep=\"gallery[photonic-flickr-stream-1]\/35337522766\/\" data-title=\"Essen - Gr\u00fcne Hauptstadt Europas 2017\">\n\t\t\t\t<img alt='Essen - Gr\u00fcne Hauptstadt Europas 2017' class='masonry' data-src='https:\/\/live.staticflickr.com\/4214\/35337522766_23dd0205b4_c.jpg' loading='lazy' width='600' height='800' \/>\n\t\t\t<\/a>\n\t\t<\/figure>\n\t\t<figure class='photonic-level-1 photonic-thumb'>\n\t\t\t<a href='https:\/\/live.staticflickr.com\/4246\/35337854826_441090eb51_c.jpg' title='' rel='lightbox-photonic-flickr-stream-1' class='photonic-lb photonic-baguettebox baguettebox' data-photonic-media-type=\"image\" data-content-type=\"image\" data-photonic-deep=\"gallery[photonic-flickr-stream-1]\/35337854826\/\" data-title=\"Essen - Gr\u00fcne Hauptstadt Europas 2017\">\n\t\t\t\t<img alt='Essen - Gr\u00fcne Hauptstadt Europas 2017' class='masonry' data-src='https:\/\/live.staticflickr.com\/4246\/35337854826_441090eb51_c.jpg' loading='lazy' width='450' height='800' \/>\n\t\t\t<\/a>\n\t\t<\/figure>\n\t\t<figure class='photonic-level-1 photonic-thumb'>\n\t\t\t<a href='https:\/\/live.staticflickr.com\/4224\/35376887445_044b37a7f7_c.jpg' title='' rel='lightbox-photonic-flickr-stream-1' class='photonic-lb photonic-baguettebox baguettebox' data-photonic-media-type=\"image\" data-content-type=\"image\" data-photonic-deep=\"gallery[photonic-flickr-stream-1]\/35376887445\/\" data-title=\"Essen - Gr\u00fcne Hauptstadt Europas 2017\">\n\t\t\t\t<img alt='Essen - Gr\u00fcne Hauptstadt Europas 2017' class='masonry' data-src='https:\/\/live.staticflickr.com\/4224\/35376887445_044b37a7f7_c.jpg' loading='lazy' width='600' height='800' \/>\n\t\t\t<\/a>\n\t\t<\/figure>\n\t\t<figure class='photonic-level-1 photonic-thumb'>\n\t\t\t<a href='https:\/\/live.staticflickr.com\/4223\/35376888185_514b458b51_c.jpg' title='' rel='lightbox-photonic-flickr-stream-1' class='photonic-lb photonic-baguettebox baguettebox' data-photonic-media-type=\"image\" data-content-type=\"image\" data-photonic-deep=\"gallery[photonic-flickr-stream-1]\/35376888185\/\" data-title=\"Essen - Gr\u00fcne Hauptstadt Europas 2017\">\n\t\t\t\t<img alt='Essen - Gr\u00fcne Hauptstadt Europas 2017' class='masonry' data-src='https:\/\/live.staticflickr.com\/4223\/35376888185_514b458b51_c.jpg' loading='lazy' width='600' height='800' \/>\n\t\t\t<\/a>\n\t\t<\/figure>\n\n\t<\/div> <!-- .\/photonic-level-1-container -->\n\t<span id='photonic-flickr-stream-1-container-end'><\/span>\n<\/div><!-- .photonic-stream or .photonic-panel -->\n\n<h2>Fakten, Fakten, Fakten.<\/h2>\n<figure id=\"attachment_14531\" aria-describedby=\"caption-attachment-14531\" style=\"width: 150px\" class=\"wp-caption alignleft\"><img loading=\"lazy\" decoding=\"async\" class=\"size-thumbnail wp-image-14531\" src=\"https:\/\/www.wanderwegewelt.de\/blog\/wp-content\/uploads\/20170527_111046-150x150.jpg\" alt=\"\" width=\"150\" height=\"150\" srcset=\"https:\/\/www.wanderwegewelt.de\/blog\/wp-content\/uploads\/20170527_111046-150x150.jpg 150w, https:\/\/www.wanderwegewelt.de\/blog\/wp-content\/uploads\/20170527_111046-100x100.jpg 100w\" sizes=\"auto, (max-width: 150px) 100vw, 150px\" \/><figcaption id=\"caption-attachment-14531\" class=\"wp-caption-text\">Gr\u00fcne Hauptst\u00e4dte &#8211; Gestern, Heute, Morgen<\/figcaption><\/figure>\n<figure id=\"attachment_14530\" aria-describedby=\"caption-attachment-14530\" style=\"width: 150px\" class=\"wp-caption alignleft\"><img loading=\"lazy\" decoding=\"async\" class=\"size-thumbnail wp-image-14530\" src=\"https:\/\/www.wanderwegewelt.de\/blog\/wp-content\/uploads\/20170527_110352-150x150.jpg\" alt=\"\" width=\"150\" height=\"150\" srcset=\"https:\/\/www.wanderwegewelt.de\/blog\/wp-content\/uploads\/20170527_110352-150x150.jpg 150w, https:\/\/www.wanderwegewelt.de\/blog\/wp-content\/uploads\/20170527_110352-100x100.jpg 100w\" sizes=\"auto, (max-width: 150px) 100vw, 150px\" \/><figcaption id=\"caption-attachment-14530\" class=\"wp-caption-text\">Komm f\u00fcr umme. Erlebe Kostenlos<\/figcaption><\/figure>\n<figure id=\"attachment_14529\" aria-describedby=\"caption-attachment-14529\" style=\"width: 150px\" class=\"wp-caption alignleft\"><img loading=\"lazy\" decoding=\"async\" class=\"size-thumbnail wp-image-14529\" src=\"https:\/\/www.wanderwegewelt.de\/blog\/wp-content\/uploads\/20170527_105859-150x150.jpg\" alt=\"\" width=\"150\" height=\"150\" srcset=\"https:\/\/www.wanderwegewelt.de\/blog\/wp-content\/uploads\/20170527_105859-150x150.jpg 150w, https:\/\/www.wanderwegewelt.de\/blog\/wp-content\/uploads\/20170527_105859-100x100.jpg 100w\" sizes=\"auto, (max-width: 150px) 100vw, 150px\" \/><figcaption id=\"caption-attachment-14529\" class=\"wp-caption-text\">Ruhr Tourismus Online &#8211; Wege und Zahlen<\/figcaption><\/figure>\n<p>Heike und Katalina von <a href=\"http:\/\/www.ruhr-tourismus.de\/\" target=\"_blank\" rel=\"noopener\">Ruhr Tourismus GmbH<\/a> er\u00f6ffneten den Reigen der Vortr\u00e4ge und freuten sich vor allem auf den neuen <a href=\"http:\/\/www.mein-ruhrgebiet.blog\/\" target=\"_blank\" rel=\"noopener\">Blog<\/a> und zeigten die M\u00f6glichkeiten der Ruhrregion auf. Ein besonderes Augenmerk der beiden liegt auf der Chance viele Dinge &#8222;f\u00fcr umme&#8220; wie wir hier sagen zu erleben. Das hei\u00dft umsonst. Der Staffelstab ging\u00a0 weiter an den Pressesprecher der &#8222;<a href=\"https:\/\/www.essengreen.capital\/startseite_essen_egc.de.html\" target=\"_blank\" rel=\"noopener\">Gr\u00fcnen Hauptstadt Europas<\/a>&#8222;, Markus Plie\u00dfnig. Er lie\u00df die vorherigen Hauptst\u00e4dte Revue passieren und erl\u00e4uterte die Vorraussetzungen die es zu erf\u00fcllen gab, und die Anstrengungen die daf\u00fcr aufgebracht wurden. Ein kurzer <a href=\"https:\/\/www.essengreen.capital\/essen_2017\/film\/der_film_2.de.html\" target=\"_blank\" rel=\"noopener\">Imagefilm<\/a> rundete die Vortragsserie ab. Janett, von Teilzeitreisender.de hatte dann noch kurz und pr\u00e4gnant einen Leitfaden f\u00fcr erfolgreiches Bloggen vorgestellt. Zu guter letzt hie\u00df uns noch Ulrich Schreiber, Verkaufs- und Marketing Direktor des Atlantic Hotel, herzlich willkommen und lud auf die Dachterrasse des Hotels zum Lunch ein.<\/p>\n<h2 style=\"text-align: center;\">Ausblicke auf die gr\u00fcne Hauptstadt (und lecker) Essen<\/h2>\n<figure id=\"attachment_14533\" aria-describedby=\"caption-attachment-14533\" style=\"width: 300px\" class=\"wp-caption alignleft\"><img loading=\"lazy\" decoding=\"async\" class=\"wp-image-14533 size-medium\" src=\"https:\/\/www.wanderwegewelt.de\/blog\/wp-content\/uploads\/2017-05-27_12-19-20-klein-300x225.jpg\" alt=\"\" width=\"300\" height=\"225\" srcset=\"https:\/\/www.wanderwegewelt.de\/blog\/wp-content\/uploads\/2017-05-27_12-19-20-klein-300x225.jpg 300w, https:\/\/www.wanderwegewelt.de\/blog\/wp-content\/uploads\/2017-05-27_12-19-20-klein-768x576.jpg 768w, https:\/\/www.wanderwegewelt.de\/blog\/wp-content\/uploads\/2017-05-27_12-19-20-klein.jpg 1024w, https:\/\/www.wanderwegewelt.de\/blog\/wp-content\/uploads\/2017-05-27_12-19-20-klein-268x200.jpg 268w, https:\/\/www.wanderwegewelt.de\/blog\/wp-content\/uploads\/2017-05-27_12-19-20-klein-700x525.jpg 700w\" sizes=\"auto, (max-width: 300px) 100vw, 300px\" \/><figcaption id=\"caption-attachment-14533\" class=\"wp-caption-text\">Auf der Dachterrasse des Hotel Antlantic in Essen<\/figcaption><\/figure>\n<p>Nach all den Fakten, Vortr\u00e4gen und Informationen im beamerfreundlichen halbdunkel wurden wir mit einer tollen \u00dcberraschung belohnt. Zum Lunch ging es auf die Dachterrasse der Hotel Atlantic. Und nicht nur der Blick auf die Messe, die Stadt und die super gr\u00fcne <span class=\"st\">&#8222;Gro\u00dfe Ruhrl\u00e4ndische Gartenbau-Ausstellung&#8220; kurz Gruga sind beeindruckend. Auch das Ambiente und die Verpflegung sind von allererster G\u00fcte. Sp\u00e4ter beim Abendessen (da allerdings Parterre) stellt sich heraus das auch Hochzeitspaare sich hier oben gerne ablichten lassen. Bei Grillgut und leckeren Salate lernen wir Blogger, zumindest die, die sich bisher noch nicht kannten, n\u00e4her kennen. Es gibt diejenigen, wie mich, die sich schon in der Region auskennen, aber auch einige die eine l\u00e4ngerer Anreise haben. Alle zusammen aber genossen wir die tolle Atmosph\u00e4re dieser Location. Kurz danach trennten sich die Wege. Die eine erlebten das Programm &#8222;Gr\u00fcne Hauptstadt Europas Essen 2017&#8220; und die anderen wie auch ich die &#8222;Industriekultur&#8220;.<br \/>\n<\/span><br \/>\n<div class='photonic-flickr-stream photonic-stream ' id='photonic-flickr-stream-2'>\n\n\t<div id='photonic-flickr-stream-2-container' class='title-display-none photonic-level-1-container sizes-present photonic-masonry-layout photonic-thumbnail-effect-none' data-photonic-platform=\"flickr\" data-photonic-gallery-columns=\"auto\" data-photonic-query=\"columns=auto&amp;layout=masonry&amp;display=local&amp;popup=hide&amp;filter=&amp;filter_type=include&amp;more=&amp;panel=&amp;custom_classes=&amp;alignment=&amp;photo_layout=square&amp;caption=none&amp;thumb_size=s&amp;main_size=b&amp;tile_size=same&amp;video_size=Video Original&amp;privacy_filter=&amp;count=500&amp;page=1&amp;paginate=&amp;collections_display=expanded&amp;user_id=61810381@N02&amp;collection_id=&amp;photoset_id=&amp;gallery_id=&amp;photo_id=&amp;media=photos&amp;type=flickr&amp;style=default&amp;view=photos&amp;tags=RBRuhr-2&amp;tag_mode=any&amp;sort=date-taken-asc&amp;title_position=none&amp;fx=fade&amp;pause=1&amp;strip-style=thumbs&amp;controls=show&amp;iterate_level_3=1&amp;per_page=500&amp;photo_count=500&amp;overlay_size=s&amp;overlay_video_size=Video Original\">\n\t\t<figure class='photonic-level-1 photonic-thumb'>\n\t\t\t<a href='https:\/\/live.staticflickr.com\/4240\/34663970224_492f8f3a53_c.jpg' title='' rel='lightbox-photonic-flickr-stream-2' class='photonic-lb photonic-baguettebox baguettebox' data-photonic-media-type=\"image\" data-content-type=\"image\" data-photonic-deep=\"gallery[photonic-flickr-stream-2]\/34663970224\/\" data-title=\"Essen - Gr\u00fcne Hauptstadt Europas 2017\">\n\t\t\t\t<img alt='Essen - Gr\u00fcne Hauptstadt Europas 2017' class='masonry' data-src='https:\/\/live.staticflickr.com\/4240\/34663970224_492f8f3a53_c.jpg' loading='lazy' width='600' height='800' \/>\n\t\t\t<\/a>\n\t\t<\/figure>\n\t\t<figure class='photonic-level-1 photonic-thumb'>\n\t\t\t<a href='https:\/\/live.staticflickr.com\/4214\/34695449353_c1313f89e3_c.jpg' title='' rel='lightbox-photonic-flickr-stream-2' class='photonic-lb photonic-baguettebox baguettebox' data-photonic-media-type=\"image\" data-content-type=\"image\" data-photonic-deep=\"gallery[photonic-flickr-stream-2]\/34695449353\/\" data-title=\"Essen - Gr\u00fcne Hauptstadt Europas 2017\">\n\t\t\t\t<img alt='Essen - Gr\u00fcne Hauptstadt Europas 2017' class='masonry' data-src='https:\/\/live.staticflickr.com\/4214\/34695449353_c1313f89e3_c.jpg' loading='lazy' width='800' height='600' \/>\n\t\t\t<\/a>\n\t\t<\/figure>\n\t\t<figure class='photonic-level-1 photonic-thumb'>\n\t\t\t<a href='https:\/\/live.staticflickr.com\/4216\/34695451033_b441ab885a_c.jpg' title='' rel='lightbox-photonic-flickr-stream-2' class='photonic-lb photonic-baguettebox baguettebox' data-photonic-media-type=\"image\" data-content-type=\"image\" data-photonic-deep=\"gallery[photonic-flickr-stream-2]\/34695451033\/\" data-title=\"Essen - Gr\u00fcne Hauptstadt Europas 2017\">\n\t\t\t\t<img alt='Essen - Gr\u00fcne Hauptstadt Europas 2017' class='masonry' data-src='https:\/\/live.staticflickr.com\/4216\/34695451033_b441ab885a_c.jpg' loading='lazy' width='800' height='600' \/>\n\t\t\t<\/a>\n\t\t<\/figure>\n\t\t<figure class='photonic-level-1 photonic-thumb'>\n\t\t\t<a href='https:\/\/live.staticflickr.com\/4258\/34695452603_4ac6ef0d7e_c.jpg' title='' rel='lightbox-photonic-flickr-stream-2' class='photonic-lb photonic-baguettebox baguettebox' data-photonic-media-type=\"image\" data-content-type=\"image\" data-photonic-deep=\"gallery[photonic-flickr-stream-2]\/34695452603\/\" data-title=\"Essen - Gr\u00fcne Hauptstadt Europas 2017\">\n\t\t\t\t<img alt='Essen - Gr\u00fcne Hauptstadt Europas 2017' class='masonry' data-src='https:\/\/live.staticflickr.com\/4258\/34695452603_4ac6ef0d7e_c.jpg' loading='lazy' width='800' height='600' \/>\n\t\t\t<\/a>\n\t\t<\/figure>\n\t\t<figure class='photonic-level-1 photonic-thumb'>\n\t\t\t<a href='https:\/\/live.staticflickr.com\/4213\/34695768873_beff2b50e4_c.jpg' title='' rel='lightbox-photonic-flickr-stream-2' class='photonic-lb photonic-baguettebox baguettebox' data-photonic-media-type=\"image\" data-content-type=\"image\" data-photonic-deep=\"gallery[photonic-flickr-stream-2]\/34695768873\/\" data-title=\"Essen - Gr\u00fcne Hauptstadt Europas 2017\">\n\t\t\t\t<img alt='Essen - Gr\u00fcne Hauptstadt Europas 2017' class='masonry' data-src='https:\/\/live.staticflickr.com\/4213\/34695768873_beff2b50e4_c.jpg' loading='lazy' width='450' height='800' \/>\n\t\t\t<\/a>\n\t\t<\/figure>\n\t\t<figure class='photonic-level-1 photonic-thumb'>\n\t\t\t<a href='https:\/\/live.staticflickr.com\/4240\/34695833203_895d2dc1ce_c.jpg' title='' rel='lightbox-photonic-flickr-stream-2' class='photonic-lb photonic-baguettebox baguettebox' data-photonic-media-type=\"image\" data-content-type=\"image\" data-photonic-deep=\"gallery[photonic-flickr-stream-2]\/34695833203\/\" data-title=\"Essen - Gr\u00fcne Hauptstadt Europas 2017\">\n\t\t\t\t<img alt='Essen - Gr\u00fcne Hauptstadt Europas 2017' class='masonry' data-src='https:\/\/live.staticflickr.com\/4240\/34695833203_895d2dc1ce_c.jpg' loading='lazy' width='800' height='600' \/>\n\t\t\t<\/a>\n\t\t<\/figure>\n\t\t<figure class='photonic-level-1 photonic-thumb'>\n\t\t\t<a href='https:\/\/live.staticflickr.com\/4254\/35465729696_c1b3188af9_c.jpg' title='' rel='lightbox-photonic-flickr-stream-2' class='photonic-lb photonic-baguettebox baguettebox' data-photonic-media-type=\"image\" data-content-type=\"image\" data-photonic-deep=\"gallery[photonic-flickr-stream-2]\/35465729696\/\" data-title=\"Essen - Gr\u00fcne Hauptstadt Europas 2017\">\n\t\t\t\t<img alt='Essen - Gr\u00fcne Hauptstadt Europas 2017' class='masonry' data-src='https:\/\/live.staticflickr.com\/4254\/35465729696_c1b3188af9_c.jpg' loading='lazy' width='800' height='600' \/>\n\t\t\t<\/a>\n\t\t<\/figure>\n\n\t<\/div> <!-- .\/photonic-level-1-container -->\n\t<span id='photonic-flickr-stream-2-container-end'><\/span>\n<\/div><!-- .photonic-stream or .photonic-panel -->\n\n<h1 style=\"text-align: center;\"><span class=\"st\">Industriekultur erleben<\/span><\/h1>\n<h2 style=\"text-align: center;\">LaPaDu<\/h2>\n<p><span class=\"st\"> Folgt mir also zuerst nach Duisburg.<\/span> Industriekultur erleben. Tja wo, wenn nicht hier? Der gut besetzte Kleinbus brachte uns zuerst zum LaPaDu. Zum watt? Zum LandschaftsPark Duisburg (-Nord). Auf dem Weg dorthin stellte sich uns Dirk Slawetzki von <a href=\"http:\/\/visit.ruhr\/\" target=\"_blank\" rel=\"noopener\">visit.ruhr<\/a> vor. Er begleitete uns als allwissender Tourguide durch den Rest des Nachmittages. Der Park ist ca. 180 Hektaar gro\u00df und umschlie\u00dft ein ehemaliges H\u00fcttenwerk. Als Kuriosum findet sich hier auch die niedrigste Bergh\u00fctte des <a href=\"http:\/\/www.dav-duisburg.de\/\" target=\"_blank\" rel=\"noopener\">Deutschen Alpenvereins<\/a>. Der klettert n\u00e4mlich hier in den alten Bunkeranlagen. Getaucht wird hier auch. In einem alten Gasometer. Kinderspielpl\u00e4tze und viele Wege runden ebenso wie ein Cafe das Angebot ab. Nirgendwo findet ihr bessere Informationen zum Park als auf dessen Webseite <a href=\"http:\/\/www.landschaftspark.de\/der-park\" target=\"_blank\" rel=\"noopener\">www.landschaftspark.de<\/a>. Ich steuere noch ein paar Fotos bei.<\/p>\n<div class='photonic-flickr-stream photonic-stream ' id='photonic-flickr-stream-3'>\n\n\t<div id='photonic-flickr-stream-3-container' class='title-display-none photonic-level-1-container sizes-present photonic-masonry-layout photonic-thumbnail-effect-none' data-photonic-platform=\"flickr\" data-photonic-gallery-columns=\"auto\" data-photonic-query=\"columns=auto&amp;layout=masonry&amp;display=local&amp;popup=hide&amp;filter=&amp;filter_type=include&amp;more=&amp;panel=&amp;custom_classes=&amp;alignment=&amp;photo_layout=square&amp;caption=none&amp;thumb_size=s&amp;main_size=b&amp;tile_size=same&amp;video_size=Video Original&amp;privacy_filter=&amp;count=500&amp;page=1&amp;paginate=&amp;collections_display=expanded&amp;user_id=61810381@N02&amp;collection_id=&amp;photoset_id=&amp;gallery_id=&amp;photo_id=&amp;media=photos&amp;type=flickr&amp;style=default&amp;view=photos&amp;tags=RBRuhr-3&amp;tag_mode=any&amp;sort=date-taken-asc&amp;title_position=none&amp;fx=fade&amp;pause=1&amp;strip-style=thumbs&amp;controls=show&amp;iterate_level_3=1&amp;per_page=500&amp;photo_count=500&amp;overlay_size=s&amp;overlay_video_size=Video Original\">\n\t\t<figure class='photonic-level-1 photonic-thumb'>\n\t\t\t<a href='https:\/\/live.staticflickr.com\/4289\/34681384294_8f11e6e216_c.jpg' title='' rel='lightbox-photonic-flickr-stream-3' class='photonic-lb photonic-baguettebox baguettebox' data-photonic-media-type=\"image\" data-content-type=\"image\" data-photonic-deep=\"gallery[photonic-flickr-stream-3]\/34681384294\/\" data-title=\"Essen - Gr\u00fcne Hauptstadt Europas 2017\">\n\t\t\t\t<img alt='Essen - Gr\u00fcne Hauptstadt Europas 2017' class='masonry' data-src='https:\/\/live.staticflickr.com\/4289\/34681384294_8f11e6e216_c.jpg' loading='lazy' width='800' height='600' \/>\n\t\t\t<\/a>\n\t\t<\/figure>\n\t\t<figure class='photonic-level-1 photonic-thumb'>\n\t\t\t<a href='https:\/\/live.staticflickr.com\/4283\/34681385064_1feabe0eb9_c.jpg' title='' rel='lightbox-photonic-flickr-stream-3' class='photonic-lb photonic-baguettebox baguettebox' data-photonic-media-type=\"image\" data-content-type=\"image\" data-photonic-deep=\"gallery[photonic-flickr-stream-3]\/34681385064\/\" data-title=\"Essen - Gr\u00fcne Hauptstadt Europas 2017\">\n\t\t\t\t<img alt='Essen - Gr\u00fcne Hauptstadt Europas 2017' class='masonry' data-src='https:\/\/live.staticflickr.com\/4283\/34681385064_1feabe0eb9_c.jpg' loading='lazy' width='800' height='600' \/>\n\t\t\t<\/a>\n\t\t<\/figure>\n\t\t<figure class='photonic-level-1 photonic-thumb'>\n\t\t\t<a href='https:\/\/live.staticflickr.com\/4240\/34713048913_c418dc58b4_c.jpg' title='' rel='lightbox-photonic-flickr-stream-3' class='photonic-lb photonic-baguettebox baguettebox' data-photonic-media-type=\"image\" data-content-type=\"image\" data-photonic-deep=\"gallery[photonic-flickr-stream-3]\/34713048913\/\" data-title=\"Essen - Gr\u00fcne Hauptstadt Europas 2017\">\n\t\t\t\t<img alt='Essen - Gr\u00fcne Hauptstadt Europas 2017' class='masonry' data-src='https:\/\/live.staticflickr.com\/4240\/34713048913_c418dc58b4_c.jpg' loading='lazy' width='800' height='600' \/>\n\t\t\t<\/a>\n\t\t<\/figure>\n\t\t<figure class='photonic-level-1 photonic-thumb'>\n\t\t\t<a href='https:\/\/live.staticflickr.com\/4215\/34713050123_8ee25e5e82_c.jpg' title='' rel='lightbox-photonic-flickr-stream-3' class='photonic-lb photonic-baguettebox baguettebox' data-photonic-media-type=\"image\" data-content-type=\"image\" data-photonic-deep=\"gallery[photonic-flickr-stream-3]\/34713050123\/\" data-title=\"Essen - Gr\u00fcne Hauptstadt Europas 2017\">\n\t\t\t\t<img alt='Essen - Gr\u00fcne Hauptstadt Europas 2017' class='masonry' data-src='https:\/\/live.staticflickr.com\/4215\/34713050123_8ee25e5e82_c.jpg' loading='lazy' width='600' height='800' \/>\n\t\t\t<\/a>\n\t\t<\/figure>\n\t\t<figure class='photonic-level-1 photonic-thumb'>\n\t\t\t<a href='https:\/\/live.staticflickr.com\/4280\/35136236860_4e5aba47af_c.jpg' title='' rel='lightbox-photonic-flickr-stream-3' class='photonic-lb photonic-baguettebox baguettebox' data-photonic-media-type=\"image\" data-content-type=\"image\" data-photonic-deep=\"gallery[photonic-flickr-stream-3]\/35136236860\/\" data-title=\"Essen - Gr\u00fcne Hauptstadt Europas 2017\">\n\t\t\t\t<img alt='Essen - Gr\u00fcne Hauptstadt Europas 2017' class='masonry' data-src='https:\/\/live.staticflickr.com\/4280\/35136236860_4e5aba47af_c.jpg' loading='lazy' width='800' height='600' \/>\n\t\t\t<\/a>\n\t\t<\/figure>\n\t\t<figure class='photonic-level-1 photonic-thumb'>\n\t\t\t<a href='https:\/\/live.staticflickr.com\/4232\/35522689715_a4d2430fbb_c.jpg' title='' rel='lightbox-photonic-flickr-stream-3' class='photonic-lb photonic-baguettebox baguettebox' data-photonic-media-type=\"image\" data-content-type=\"image\" data-photonic-deep=\"gallery[photonic-flickr-stream-3]\/35522689715\/\" data-title=\"Essen - Gr\u00fcne Hauptstadt Europas 2017\">\n\t\t\t\t<img alt='Essen - Gr\u00fcne Hauptstadt Europas 2017' class='masonry' data-src='https:\/\/live.staticflickr.com\/4232\/35522689715_a4d2430fbb_c.jpg' loading='lazy' width='800' height='600' \/>\n\t\t\t<\/a>\n\t\t<\/figure>\n\n\t<\/div> <!-- .\/photonic-level-1-container -->\n\t<span id='photonic-flickr-stream-3-container-end'><\/span>\n<\/div><!-- .photonic-stream or .photonic-panel -->\n\n<figure id=\"attachment_14535\" aria-describedby=\"caption-attachment-14535\" style=\"width: 123px\" class=\"wp-caption alignleft\"><img loading=\"lazy\" decoding=\"async\" class=\"size-medium wp-image-14535\" src=\"https:\/\/www.wanderwegewelt.de\/blog\/wp-content\/uploads\/20170527_154044-e1498393305829-123x300.jpg\" alt=\"Hauptstadt\" width=\"123\" height=\"300\" srcset=\"https:\/\/www.wanderwegewelt.de\/blog\/wp-content\/uploads\/20170527_154044-e1498393305829-123x300.jpg 123w, https:\/\/www.wanderwegewelt.de\/blog\/wp-content\/uploads\/20170527_154044-e1498393305829-768x1880.jpg 768w, https:\/\/www.wanderwegewelt.de\/blog\/wp-content\/uploads\/20170527_154044-e1498393305829-418x1024.jpg 418w, https:\/\/www.wanderwegewelt.de\/blog\/wp-content\/uploads\/20170527_154044-e1498393305829-700x1714.jpg 700w, https:\/\/www.wanderwegewelt.de\/blog\/wp-content\/uploads\/20170527_154044-e1498393305829.jpg 873w\" sizes=\"auto, (max-width: 123px) 100vw, 123px\" \/><figcaption id=\"caption-attachment-14535\" class=\"wp-caption-text\">Wunder geschehen auch in Gelsenkirchen<\/figcaption><\/figure>\n<h2 style=\"text-align: center;\">Halde Rheinelbe<\/h2>\n<p>Anschlie\u00dfend ging es \u00fcber ausnahmsweise leere Autobahnen in Richtung Gelsenkirchen. Bei eingefleischten BVB-Fans stieg der Blutdruck. Allerdings f\u00fchrte der Weg nicht ins Parkstadion oder zur Veltins-Arena. Bergsteigen stand auf dem Programm. Vorher durchquerte der Bus die Gelsenkirchener Innenstadt und f\u00fcr kurze Zeit sah man den schwebenden Stein von Takashi Nahara vor dem Theater. An der Halde Rheinelbe angekommen ging es trotz der gro\u00dfen Hitze gut gelaunt zur Himmelstreppe hinauf. Bei dessen Anblick bekam die Halde auch gleich ihren Spitznamen weg &#8211; Osterinsel des Ruhrgebiets. Reichhaltig waren Fragen an Dirk. Was lieg dort, was sieht man dahinten? Wie kam es zu den Halden?\u00a0 Dirk konnte alles beantworten. Und da ich das nicht kann, gibt es hier einen Geheimtipp von mir. Ihr m\u00fc\u00dft unbedingt mal auf <a href=\"http:\/\/www.halden.ruhr\/\" target=\"_blank\" rel=\"noopener\">www.halden.ruhr<\/a> nachschauen. Dort erfahrt ihr ALLES \u00fcber die Halden in der Ruhrregion. Nat\u00fcrlich auch \u00fcber die <a href=\"http:\/\/www.halden.ruhr\/halde-rheinelbe.html\" target=\"_blank\" rel=\"noopener\">Halde Rheinelbe<\/a>.<\/p>\n<div class='photonic-flickr-stream photonic-stream ' id='photonic-flickr-stream-4'>\n\n\t<div id='photonic-flickr-stream-4-container' class='title-display-none photonic-level-1-container sizes-present photonic-masonry-layout photonic-thumbnail-effect-none' data-photonic-platform=\"flickr\" data-photonic-gallery-columns=\"auto\" data-photonic-query=\"columns=auto&amp;layout=masonry&amp;display=local&amp;popup=hide&amp;filter=&amp;filter_type=include&amp;more=&amp;panel=&amp;custom_classes=&amp;alignment=&amp;photo_layout=square&amp;caption=none&amp;thumb_size=s&amp;main_size=b&amp;tile_size=same&amp;video_size=Video Original&amp;privacy_filter=&amp;count=500&amp;page=1&amp;paginate=&amp;collections_display=expanded&amp;user_id=61810381@N02&amp;collection_id=&amp;photoset_id=&amp;gallery_id=&amp;photo_id=&amp;media=photos&amp;type=flickr&amp;style=default&amp;view=photos&amp;tags=RBRuhr-4&amp;tag_mode=any&amp;sort=date-taken-asc&amp;title_position=none&amp;fx=fade&amp;pause=1&amp;strip-style=thumbs&amp;controls=show&amp;iterate_level_3=1&amp;per_page=500&amp;photo_count=500&amp;overlay_size=s&amp;overlay_video_size=Video Original\">\n\t\t<figure class='photonic-level-1 photonic-thumb'>\n\t\t\t<a href='https:\/\/live.staticflickr.com\/4277\/35136449060_44459f3531_c.jpg' title='' rel='lightbox-photonic-flickr-stream-4' class='photonic-lb photonic-baguettebox baguettebox' data-photonic-media-type=\"image\" data-content-type=\"image\" data-photonic-deep=\"gallery[photonic-flickr-stream-4]\/35136449060\/\" data-title=\"Essen - Gr\u00fcne Hauptstadt Europas 2017\">\n\t\t\t\t<img alt='Essen - Gr\u00fcne Hauptstadt Europas 2017' class='masonry' data-src='https:\/\/live.staticflickr.com\/4277\/35136449060_44459f3531_c.jpg' loading='lazy' width='600' height='800' \/>\n\t\t\t<\/a>\n\t\t<\/figure>\n\t\t<figure class='photonic-level-1 photonic-thumb'>\n\t\t\t<a href='https:\/\/live.staticflickr.com\/4230\/35136449590_9a44d2263f_c.jpg' title='' rel='lightbox-photonic-flickr-stream-4' class='photonic-lb photonic-baguettebox baguettebox' data-photonic-media-type=\"image\" data-content-type=\"image\" data-photonic-deep=\"gallery[photonic-flickr-stream-4]\/35136449590\/\" data-title=\"Essen - Gr\u00fcne Hauptstadt Europas 2017\">\n\t\t\t\t<img alt='Essen - Gr\u00fcne Hauptstadt Europas 2017' class='masonry' data-src='https:\/\/live.staticflickr.com\/4230\/35136449590_9a44d2263f_c.jpg' loading='lazy' width='600' height='800' \/>\n\t\t\t<\/a>\n\t\t<\/figure>\n\t\t<figure class='photonic-level-1 photonic-thumb'>\n\t\t\t<a href='https:\/\/live.staticflickr.com\/4234\/35136449750_906526316e_c.jpg' title='' rel='lightbox-photonic-flickr-stream-4' class='photonic-lb photonic-baguettebox baguettebox' data-photonic-media-type=\"image\" data-content-type=\"image\" data-photonic-deep=\"gallery[photonic-flickr-stream-4]\/35136449750\/\" data-title=\"Essen - Gr\u00fcne Hauptstadt Europas 2017\">\n\t\t\t\t<img alt='Essen - Gr\u00fcne Hauptstadt Europas 2017' class='masonry' data-src='https:\/\/live.staticflickr.com\/4234\/35136449750_906526316e_c.jpg' loading='lazy' width='800' height='170' \/>\n\t\t\t<\/a>\n\t\t<\/figure>\n\t\t<figure class='photonic-level-1 photonic-thumb'>\n\t\t\t<a href='https:\/\/live.staticflickr.com\/4286\/35136451170_b683725aa7_c.jpg' title='' rel='lightbox-photonic-flickr-stream-4' class='photonic-lb photonic-baguettebox baguettebox' data-photonic-media-type=\"image\" data-content-type=\"image\" data-photonic-deep=\"gallery[photonic-flickr-stream-4]\/35136451170\/\" data-title=\"Essen - Gr\u00fcne Hauptstadt Europas 2017\">\n\t\t\t\t<img alt='Essen - Gr\u00fcne Hauptstadt Europas 2017' class='masonry' data-src='https:\/\/live.staticflickr.com\/4286\/35136451170_b683725aa7_c.jpg' loading='lazy' width='800' height='600' \/>\n\t\t\t<\/a>\n\t\t<\/figure>\n\t\t<figure class='photonic-level-1 photonic-thumb'>\n\t\t\t<a href='https:\/\/live.staticflickr.com\/4208\/35136452030_798e82ec54_c.jpg' title='' rel='lightbox-photonic-flickr-stream-4' class='photonic-lb photonic-baguettebox baguettebox' data-photonic-media-type=\"image\" data-content-type=\"image\" data-photonic-deep=\"gallery[photonic-flickr-stream-4]\/35136452030\/\" data-title=\"Essen - Gr\u00fcne Hauptstadt Europas 2017\">\n\t\t\t\t<img alt='Essen - Gr\u00fcne Hauptstadt Europas 2017' class='masonry' data-src='https:\/\/live.staticflickr.com\/4208\/35136452030_798e82ec54_c.jpg' loading='lazy' width='600' height='800' \/>\n\t\t\t<\/a>\n\t\t<\/figure>\n\t\t<figure class='photonic-level-1 photonic-thumb'>\n\t\t\t<a href='https:\/\/live.staticflickr.com\/4282\/35392171701_43caa436cc_c.jpg' title='' rel='lightbox-photonic-flickr-stream-4' class='photonic-lb photonic-baguettebox baguettebox' data-photonic-media-type=\"image\" data-content-type=\"image\" data-photonic-deep=\"gallery[photonic-flickr-stream-4]\/35392171701\/\" data-title=\"Essen - Gr\u00fcne Hauptstadt Europas 2017\">\n\t\t\t\t<img alt='Essen - Gr\u00fcne Hauptstadt Europas 2017' class='masonry' data-src='https:\/\/live.staticflickr.com\/4282\/35392171701_43caa436cc_c.jpg' loading='lazy' width='600' height='800' \/>\n\t\t\t<\/a>\n\t\t<\/figure>\n\n\t<\/div> <!-- .\/photonic-level-1-container -->\n\t<span id='photonic-flickr-stream-4-container-end'><\/span>\n<\/div><!-- .photonic-stream or .photonic-panel -->\n\n<h2 style=\"text-align: center;\">Jahrhunderthalle Bochum<\/h2>\n<figure id=\"attachment_14537\" aria-describedby=\"caption-attachment-14537\" style=\"width: 225px\" class=\"wp-caption alignright\"><img loading=\"lazy\" decoding=\"async\" class=\"wp-image-14537 size-medium\" src=\"https:\/\/www.wanderwegewelt.de\/blog\/wp-content\/uploads\/2017-05-27_17-14-38-e1498394633478-225x300.jpg\" alt=\"\" width=\"225\" height=\"300\" srcset=\"https:\/\/www.wanderwegewelt.de\/blog\/wp-content\/uploads\/2017-05-27_17-14-38-e1498394633478-225x300.jpg 225w, https:\/\/www.wanderwegewelt.de\/blog\/wp-content\/uploads\/2017-05-27_17-14-38-e1498394633478-768x1024.jpg 768w, https:\/\/www.wanderwegewelt.de\/blog\/wp-content\/uploads\/2017-05-27_17-14-38-e1498394633478-700x933.jpg 700w\" sizes=\"auto, (max-width: 225px) 100vw, 225px\" \/><figcaption id=\"caption-attachment-14537\" class=\"wp-caption-text\">Schalke &#8211; Bochum<\/figcaption><\/figure>\n<p>Das n\u00e4chste Ziel lag in Bochum. Besonders verlockend war nach dem Abstieg von Halde Rheinelbe, die Aussicht auf ein Eis. Wohlgelaunt kam man also vor der<a href=\"http:\/\/www.jahrhunderthalle-bochum.de\/\" target=\"_blank\" rel=\"noopener\"> Jahrhunderthalle<\/a> an. Dirk hat bis dahin mit Anekdoten und geballtem Fachwissen die Fahrzeit k\u00fcrzer scheinen lassen als sie war. Dennoch waren wir alle gl\u00fccklich wie kleine Kinder ein Eis in der Hand\u00a0 halten zu d\u00fcrfen. Die Abk\u00fchlung tat gut. Trotz des beeindruckenden Umfeldes der Jahrhunderthalle; ich h\u00e4tte sie gerne von innen gesehen. Das war leider nicht m\u00f6glich. Und so umrundeten wir die Halle die aber nicht immer hier stand. Ihre Erstnutzung hatte sie 1902\u00a0 in D\u00fcsseldorf. Nach einer Ausstellung dort, zog sie 1903 nach Bochum. Und 2017 kamen die Reiseblogger zum staunen. Aber im Ernst. Es ist wirklich erstaunlich welche Wandlung diese Region gemacht hat. \u00dcberall Kulturangebote, Parks und Freizeitm\u00f6glichkeiten. Selbst dort, wo laut Herbert Gr\u00f6nemeyer die Sonne verstaubt. W\u00e4hrend unseres Besuches strahlte sie leuchtend hell und hei\u00df vom Himmel. Zeit also weiter zu reisen. Das Eis war n\u00e4mlich ziemlich schnell gegessen.<br \/>\n<div class='photonic-flickr-stream photonic-stream ' id='photonic-flickr-stream-5'>\n\n\t<div id='photonic-flickr-stream-5-container' class='title-display-none photonic-level-1-container sizes-present photonic-masonry-layout photonic-thumbnail-effect-none' data-photonic-platform=\"flickr\" data-photonic-gallery-columns=\"auto\" data-photonic-query=\"columns=auto&amp;layout=masonry&amp;display=local&amp;popup=hide&amp;filter=&amp;filter_type=include&amp;more=&amp;panel=&amp;custom_classes=&amp;alignment=&amp;photo_layout=square&amp;caption=none&amp;thumb_size=s&amp;main_size=b&amp;tile_size=same&amp;video_size=Video Original&amp;privacy_filter=&amp;count=500&amp;page=1&amp;paginate=&amp;collections_display=expanded&amp;user_id=61810381@N02&amp;collection_id=&amp;photoset_id=&amp;gallery_id=&amp;photo_id=&amp;media=photos&amp;type=flickr&amp;style=default&amp;view=photos&amp;tags=RBRuhr-5&amp;tag_mode=any&amp;sort=date-taken-asc&amp;title_position=none&amp;fx=fade&amp;pause=1&amp;strip-style=thumbs&amp;controls=show&amp;iterate_level_3=1&amp;per_page=500&amp;photo_count=500&amp;overlay_size=s&amp;overlay_video_size=Video Original\">\n\t\t<figure class='photonic-level-1 photonic-thumb'>\n\t\t\t<a href='https:\/\/live.staticflickr.com\/4207\/35356040672_c198bdd827_c.jpg' title='' rel='lightbox-photonic-flickr-stream-5' class='photonic-lb photonic-baguettebox baguettebox' data-photonic-media-type=\"image\" data-content-type=\"image\" data-photonic-deep=\"gallery[photonic-flickr-stream-5]\/35356040672\/\" data-title=\"Essen - Gr\u00fcne Hauptstadt Europas 2017\">\n\t\t\t\t<img alt='Essen - Gr\u00fcne Hauptstadt Europas 2017' class='masonry' data-src='https:\/\/live.staticflickr.com\/4207\/35356040672_c198bdd827_c.jpg' loading='lazy' width='800' height='600' \/>\n\t\t\t<\/a>\n\t\t<\/figure>\n\t\t<figure class='photonic-level-1 photonic-thumb'>\n\t\t\t<a href='https:\/\/live.staticflickr.com\/4215\/35392519431_e4352a0b30_c.jpg' title='' rel='lightbox-photonic-flickr-stream-5' class='photonic-lb photonic-baguettebox baguettebox' data-photonic-media-type=\"image\" data-content-type=\"image\" data-photonic-deep=\"gallery[photonic-flickr-stream-5]\/35392519431\/\" data-title=\"Essen - Gr\u00fcne Hauptstadt Europas 2017\">\n\t\t\t\t<img alt='Essen - Gr\u00fcne Hauptstadt Europas 2017' class='masonry' data-src='https:\/\/live.staticflickr.com\/4215\/35392519431_e4352a0b30_c.jpg' loading='lazy' width='600' height='800' \/>\n\t\t\t<\/a>\n\t\t<\/figure>\n\t\t<figure class='photonic-level-1 photonic-thumb'>\n\t\t\t<a href='https:\/\/live.staticflickr.com\/4233\/35392520071_75f9e59785_c.jpg' title='' rel='lightbox-photonic-flickr-stream-5' class='photonic-lb photonic-baguettebox baguettebox' data-photonic-media-type=\"image\" data-content-type=\"image\" data-photonic-deep=\"gallery[photonic-flickr-stream-5]\/35392520071\/\" data-title=\"Essen - Gr\u00fcne Hauptstadt Europas 2017\">\n\t\t\t\t<img alt='Essen - Gr\u00fcne Hauptstadt Europas 2017' class='masonry' data-src='https:\/\/live.staticflickr.com\/4233\/35392520071_75f9e59785_c.jpg' loading='lazy' width='800' height='600' \/>\n\t\t\t<\/a>\n\t\t<\/figure>\n\t\t<figure class='photonic-level-1 photonic-thumb'>\n\t\t\t<a href='https:\/\/live.staticflickr.com\/4241\/35392520741_38d078443d_c.jpg' title='' rel='lightbox-photonic-flickr-stream-5' class='photonic-lb photonic-baguettebox baguettebox' data-photonic-media-type=\"image\" data-content-type=\"image\" data-photonic-deep=\"gallery[photonic-flickr-stream-5]\/35392520741\/\" data-title=\"Essen - Gr\u00fcne Hauptstadt Europas 2017\">\n\t\t\t\t<img alt='Essen - Gr\u00fcne Hauptstadt Europas 2017' class='masonry' data-src='https:\/\/live.staticflickr.com\/4241\/35392520741_38d078443d_c.jpg' loading='lazy' width='800' height='600' \/>\n\t\t\t<\/a>\n\t\t<\/figure>\n\t\t<figure class='photonic-level-1 photonic-thumb'>\n\t\t\t<a href='https:\/\/live.staticflickr.com\/4239\/35392521631_a9c240a300_c.jpg' title='' rel='lightbox-photonic-flickr-stream-5' class='photonic-lb photonic-baguettebox baguettebox' data-photonic-media-type=\"image\" data-content-type=\"image\" data-photonic-deep=\"gallery[photonic-flickr-stream-5]\/35392521631\/\" data-title=\"Essen - Gr\u00fcne Hauptstadt Europas 2017\">\n\t\t\t\t<img alt='Essen - Gr\u00fcne Hauptstadt Europas 2017' class='masonry' data-src='https:\/\/live.staticflickr.com\/4239\/35392521631_a9c240a300_c.jpg' loading='lazy' width='600' height='800' \/>\n\t\t\t<\/a>\n\t\t<\/figure>\n\t\t<figure class='photonic-level-1 photonic-thumb'>\n\t\t\t<a href='https:\/\/live.staticflickr.com\/4285\/35392522651_2b14a42af9_c.jpg' title='' rel='lightbox-photonic-flickr-stream-5' class='photonic-lb photonic-baguettebox baguettebox' data-photonic-media-type=\"image\" data-content-type=\"image\" data-photonic-deep=\"gallery[photonic-flickr-stream-5]\/35392522651\/\" data-title=\"Essen - Gr\u00fcne Hauptstadt Europas 2017\">\n\t\t\t\t<img alt='Essen - Gr\u00fcne Hauptstadt Europas 2017' class='masonry' data-src='https:\/\/live.staticflickr.com\/4285\/35392522651_2b14a42af9_c.jpg' loading='lazy' width='800' height='600' \/>\n\t\t\t<\/a>\n\t\t<\/figure>\n\t\t<figure class='photonic-level-1 photonic-thumb'>\n\t\t\t<a href='https:\/\/live.staticflickr.com\/4287\/35392523921_47b6407423_c.jpg' title='' rel='lightbox-photonic-flickr-stream-5' class='photonic-lb photonic-baguettebox baguettebox' data-photonic-media-type=\"image\" data-content-type=\"image\" data-photonic-deep=\"gallery[photonic-flickr-stream-5]\/35392523921\/\" data-title=\"Essen - Gr\u00fcne Hauptstadt Europas 2017\">\n\t\t\t\t<img alt='Essen - Gr\u00fcne Hauptstadt Europas 2017' class='masonry' data-src='https:\/\/live.staticflickr.com\/4287\/35392523921_47b6407423_c.jpg' loading='lazy' width='600' height='800' \/>\n\t\t\t<\/a>\n\t\t<\/figure>\n\n\t<\/div> <!-- .\/photonic-level-1-container -->\n\t<span id='photonic-flickr-stream-5-container-end'><\/span>\n<\/div><!-- .photonic-stream or .photonic-panel -->\n\n<h2 style=\"text-align: center;\">Margarethenh\u00f6he<\/h2>\n<figure id=\"attachment_14540\" aria-describedby=\"caption-attachment-14540\" style=\"width: 225px\" class=\"wp-caption alignleft\"><img loading=\"lazy\" decoding=\"async\" class=\"size-medium wp-image-14540\" src=\"https:\/\/www.wanderwegewelt.de\/blog\/wp-content\/uploads\/2017-05-27_18-05-40-e1498395722879-225x300.jpg\" alt=\"\" width=\"225\" height=\"300\" srcset=\"https:\/\/www.wanderwegewelt.de\/blog\/wp-content\/uploads\/2017-05-27_18-05-40-e1498395722879-225x300.jpg 225w, https:\/\/www.wanderwegewelt.de\/blog\/wp-content\/uploads\/2017-05-27_18-05-40-e1498395722879-768x1024.jpg 768w, https:\/\/www.wanderwegewelt.de\/blog\/wp-content\/uploads\/2017-05-27_18-05-40-e1498395722879-700x933.jpg 700w\" sizes=\"auto, (max-width: 225px) 100vw, 225px\" \/><figcaption id=\"caption-attachment-14540\" class=\"wp-caption-text\">Nobel geht die Welt zugrunde. Der goldene Edeka auf der Margarethenh\u00f6he.<\/figcaption><\/figure>\n<p>Frauenpower sorgte f\u00fcr Menschlichkeit in der industriellen Zeit. Margarethe Krupp war die Initiatorin dieser Siedlung. Nach Vorbild einer englischen Gartenstadt entstand die Siedlung ab 1910. Gartenstadt klingt recht hochtrabend, dennoch blieb alles sehr kleinteilig. Denn St\u00e4lle und \u00e4hnliches brauchte man nicht. Es gab (und gibt) einen Lebensmittelladen im Zentrum. Seit 1987 steht die Margarethenh\u00f6he unter Denkmalschutz. Zurecht wenn man \u00fcberlegt das Teile einmal abgerissen werden sollten.\u00a0 Anhand einer Musterwohnung des Ruhr Museums kann man sich in die Gr\u00fcnderzeit zur\u00fcckversetzen. Dies ist auch die einfachste M\u00f6glichkeit hier eine Wohnung zu &#8222;bekommen&#8220;. Die Wartelisten f\u00fcr echte Wohnungen sind sehr lang und der Einzug in die Margarethenh\u00f6he sehr begehrt. Wo sonst hat man auch einen goldenen Edekamarkt. Sportinteressierte kennen wahrscheinlich den TUSEM Essen. Den &#8222;<span class=\"st\">Turn- und Sportverein Essen-Margarethenh\u00f6he<\/span>&#8222;. Der kommt hier wech.\u00a0 Wer die Margarethenh\u00f6he besucht kann diese danach auch auf einem Wanderweg umrunden. Den Weg findet ihr hier: <a href=\"https:\/\/www.wanderwegewelt.de\/blog\/allgemein\/tour-705-essen-rund-um-die-margarethenhoehe\/\" target=\"_blank\" rel=\"noopener\">Rund um die Margarethenh\u00f6he<\/a>. Weitere Informationen und Fakten gibt es z.B. beim <a href=\"http:\/\/www.ruhr-guide.de\/freizeit\/industriekultur\/margarethenhoehe\/7877,0,0.html\" target=\"_blank\" rel=\"noopener\">Ruhrguide<\/a>.<\/p>\n<div class='photonic-flickr-stream photonic-stream ' id='photonic-flickr-stream-6'>\n\n\t<div id='photonic-flickr-stream-6-container' class='title-display-none photonic-level-1-container sizes-present photonic-masonry-layout photonic-thumbnail-effect-none' data-photonic-platform=\"flickr\" data-photonic-gallery-columns=\"auto\" data-photonic-query=\"columns=auto&amp;layout=masonry&amp;display=local&amp;popup=hide&amp;filter=&amp;filter_type=include&amp;more=&amp;panel=&amp;custom_classes=&amp;alignment=&amp;photo_layout=square&amp;caption=none&amp;thumb_size=s&amp;main_size=b&amp;tile_size=same&amp;video_size=Video Original&amp;privacy_filter=&amp;count=500&amp;page=1&amp;paginate=&amp;collections_display=expanded&amp;user_id=61810381@N02&amp;collection_id=&amp;photoset_id=&amp;gallery_id=&amp;photo_id=&amp;media=photos&amp;type=flickr&amp;style=default&amp;view=photos&amp;tags=RBRuhr-6&amp;tag_mode=any&amp;sort=date-taken-asc&amp;title_position=none&amp;fx=fade&amp;pause=1&amp;strip-style=thumbs&amp;controls=show&amp;iterate_level_3=1&amp;per_page=500&amp;photo_count=500&amp;overlay_size=s&amp;overlay_video_size=Video Original\">\n\t\t<figure class='photonic-level-1 photonic-thumb'>\n\t\t\t<a href='https:\/\/live.staticflickr.com\/4258\/34682433594_2437b48918_c.jpg' title='' rel='lightbox-photonic-flickr-stream-6' class='photonic-lb photonic-baguettebox baguettebox' data-photonic-media-type=\"image\" data-content-type=\"image\" data-photonic-deep=\"gallery[photonic-flickr-stream-6]\/34682433594\/\" data-title=\"Essen - Gr\u00fcne Hauptstadt Europas 2017\">\n\t\t\t\t<img alt='Essen - Gr\u00fcne Hauptstadt Europas 2017' class='masonry' data-src='https:\/\/live.staticflickr.com\/4258\/34682433594_2437b48918_c.jpg' loading='lazy' width='800' height='600' \/>\n\t\t\t<\/a>\n\t\t<\/figure>\n\t\t<figure class='photonic-level-1 photonic-thumb'>\n\t\t\t<a href='https:\/\/live.staticflickr.com\/4282\/34714220143_41da8762ac_c.jpg' title='' rel='lightbox-photonic-flickr-stream-6' class='photonic-lb photonic-baguettebox baguettebox' data-photonic-media-type=\"image\" data-content-type=\"image\" data-photonic-deep=\"gallery[photonic-flickr-stream-6]\/34714220143\/\" data-title=\"Essen - Gr\u00fcne Hauptstadt Europas 2017\">\n\t\t\t\t<img alt='Essen - Gr\u00fcne Hauptstadt Europas 2017' class='masonry' data-src='https:\/\/live.staticflickr.com\/4282\/34714220143_41da8762ac_c.jpg' loading='lazy' width='600' height='800' \/>\n\t\t\t<\/a>\n\t\t<\/figure>\n\t\t<figure class='photonic-level-1 photonic-thumb'>\n\t\t\t<a href='https:\/\/live.staticflickr.com\/4261\/34714221103_b2454afb56_c.jpg' title='' rel='lightbox-photonic-flickr-stream-6' class='photonic-lb photonic-baguettebox baguettebox' data-photonic-media-type=\"image\" data-content-type=\"image\" data-photonic-deep=\"gallery[photonic-flickr-stream-6]\/34714221103\/\" data-title=\"Essen - Gr\u00fcne Hauptstadt Europas 2017\">\n\t\t\t\t<img alt='Essen - Gr\u00fcne Hauptstadt Europas 2017' class='masonry' data-src='https:\/\/live.staticflickr.com\/4261\/34714221103_b2454afb56_c.jpg' loading='lazy' width='600' height='800' \/>\n\t\t\t<\/a>\n\t\t<\/figure>\n\t\t<figure class='photonic-level-1 photonic-thumb'>\n\t\t\t<a href='https:\/\/live.staticflickr.com\/4230\/34714222493_69dc813dc2_c.jpg' title='' rel='lightbox-photonic-flickr-stream-6' class='photonic-lb photonic-baguettebox baguettebox' data-photonic-media-type=\"image\" data-content-type=\"image\" data-photonic-deep=\"gallery[photonic-flickr-stream-6]\/34714222493\/\" data-title=\"Essen - Gr\u00fcne Hauptstadt Europas 2017\">\n\t\t\t\t<img alt='Essen - Gr\u00fcne Hauptstadt Europas 2017' class='masonry' data-src='https:\/\/live.staticflickr.com\/4230\/34714222493_69dc813dc2_c.jpg' loading='lazy' width='800' height='600' \/>\n\t\t\t<\/a>\n\t\t<\/figure>\n\t\t<figure class='photonic-level-1 photonic-thumb'>\n\t\t\t<a href='https:\/\/live.staticflickr.com\/4210\/35356453192_15781ea9ce_c.jpg' title='' rel='lightbox-photonic-flickr-stream-6' class='photonic-lb photonic-baguettebox baguettebox' data-photonic-media-type=\"image\" data-content-type=\"image\" data-photonic-deep=\"gallery[photonic-flickr-stream-6]\/35356453192\/\" data-title=\"Essen - Gr\u00fcne Hauptstadt Europas 2017\">\n\t\t\t\t<img alt='Essen - Gr\u00fcne Hauptstadt Europas 2017' class='masonry' data-src='https:\/\/live.staticflickr.com\/4210\/35356453192_15781ea9ce_c.jpg' loading='lazy' width='800' height='600' \/>\n\t\t\t<\/a>\n\t\t<\/figure>\n\t\t<figure class='photonic-level-1 photonic-thumb'>\n\t\t\t<a href='https:\/\/live.staticflickr.com\/4277\/35523757345_c3a827ef42_c.jpg' title='' rel='lightbox-photonic-flickr-stream-6' class='photonic-lb photonic-baguettebox baguettebox' data-photonic-media-type=\"image\" data-content-type=\"image\" data-photonic-deep=\"gallery[photonic-flickr-stream-6]\/35523757345\/\" data-title=\"Essen - Gr\u00fcne Hauptstadt Europas 2017\">\n\t\t\t\t<img alt='Essen - Gr\u00fcne Hauptstadt Europas 2017' class='masonry' data-src='https:\/\/live.staticflickr.com\/4277\/35523757345_c3a827ef42_c.jpg' loading='lazy' width='600' height='800' \/>\n\t\t\t<\/a>\n\t\t<\/figure>\n\t\t<figure class='photonic-level-1 photonic-thumb'>\n\t\t\t<a href='https:\/\/live.staticflickr.com\/4231\/35523758165_a35b5f5219_c.jpg' title='' rel='lightbox-photonic-flickr-stream-6' class='photonic-lb photonic-baguettebox baguettebox' data-photonic-media-type=\"image\" data-content-type=\"image\" data-photonic-deep=\"gallery[photonic-flickr-stream-6]\/35523758165\/\" data-title=\"Essen - Gr\u00fcne Hauptstadt Europas 2017\">\n\t\t\t\t<img alt='Essen - Gr\u00fcne Hauptstadt Europas 2017' class='masonry' data-src='https:\/\/live.staticflickr.com\/4231\/35523758165_a35b5f5219_c.jpg' loading='lazy' width='800' height='600' \/>\n\t\t\t<\/a>\n\t\t<\/figure>\n\n\t<\/div> <!-- .\/photonic-level-1-container -->\n\t<span id='photonic-flickr-stream-6-container-end'><\/span>\n<\/div><!-- .photonic-stream or .photonic-panel -->\n\n<figure id=\"attachment_14543\" aria-describedby=\"caption-attachment-14543\" style=\"width: 225px\" class=\"wp-caption alignright\"><img loading=\"lazy\" decoding=\"async\" class=\"size-medium wp-image-14543\" src=\"https:\/\/www.wanderwegewelt.de\/blog\/wp-content\/uploads\/2017-05-27_18-52-54-e1498397103928-225x300.jpg\" alt=\"\" width=\"225\" height=\"300\" srcset=\"https:\/\/www.wanderwegewelt.de\/blog\/wp-content\/uploads\/2017-05-27_18-52-54-e1498397103928-225x300.jpg 225w, https:\/\/www.wanderwegewelt.de\/blog\/wp-content\/uploads\/2017-05-27_18-52-54-e1498397103928-768x1024.jpg 768w, https:\/\/www.wanderwegewelt.de\/blog\/wp-content\/uploads\/2017-05-27_18-52-54-e1498397103928-700x933.jpg 700w\" sizes=\"auto, (max-width: 225px) 100vw, 225px\" \/><figcaption id=\"caption-attachment-14543\" class=\"wp-caption-text\">Baden in der Ruhr<\/figcaption><\/figure>\n<h2 style=\"text-align: center;\">Baldeneysee &#8211; Seaside Beach<\/h2>\n<p>Mittlerweile war es so hei\u00df das uns das n\u00e4chste Ziel magisch anzog. Weil man sich dort auszog. Es ging zum Baldeneysee an den Seaside Beach. Ich erinnere mich noch gut an meinen letzten Besuch hier. Damals wurde ich auch nass. Allerdings vom Regen w\u00e4hrend des OpenAir-Konzertes von Cro. Das endete Festival-Like in einer gro\u00dfen Schlammschlacht. Dies w\u00fcrde nun nicht passieren, denn auf uns kam einen Premiere zu. Nur wenige Tage vor dem #RBRuhr Bloggertreffen wurde das baden in der Ruhr an genau dieser Stelle wieder erlaubt. Wir trafen auf die Gruppe der &#8222;<span class=\"st\">Gr\u00fcne Hauptstadt Europas Essen 2017&#8243; und gemeinsam enterten wir den &#8222;Seaside Beach&#8220;.<\/span> Die Sonne schien und die Badestelle war noch f\u00fcr 45 Minuten ge\u00f6ffnet. Also nichts wie raus aus den Klamotten und rein in die Ruhr. Ok, schwimmen kann man hier nicht sonderlich weit. Aber das war auch nicht das Ziel. Erst durch die Einrichtung eines Fr\u00fchwarnsystems zur Wasserqualit\u00e4tskontrolle war es m\u00f6glich das baden wieder freizugeben. Nach Regenf\u00e4llen ist das schwimmen in der Ruhr nicht m\u00f6glich. Nach dem Bad schnell wieder abgetrocknet, ein Freigetr\u00e4nk zur Abk\u00fchlung genossen und zur\u00fcck zum Bus. Es ging zur letzten Station der Tour an diesem Tag. Dem Abendessen im Hotel.<\/p>\n<div class='photonic-flickr-stream photonic-stream ' id='photonic-flickr-stream-7'>\n\n\t<div id='photonic-flickr-stream-7-container' class='title-display-none photonic-level-1-container sizes-present photonic-masonry-layout photonic-thumbnail-effect-none' data-photonic-platform=\"flickr\" data-photonic-gallery-columns=\"auto\" data-photonic-query=\"columns=auto&amp;layout=masonry&amp;display=local&amp;popup=hide&amp;filter=&amp;filter_type=include&amp;more=&amp;panel=&amp;custom_classes=&amp;alignment=&amp;photo_layout=square&amp;caption=none&amp;thumb_size=s&amp;main_size=b&amp;tile_size=same&amp;video_size=Video Original&amp;privacy_filter=&amp;count=500&amp;page=1&amp;paginate=&amp;collections_display=expanded&amp;user_id=61810381@N02&amp;collection_id=&amp;photoset_id=&amp;gallery_id=&amp;photo_id=&amp;media=photos&amp;type=flickr&amp;style=default&amp;view=photos&amp;tags=RBRuhr-7&amp;tag_mode=any&amp;sort=date-taken-asc&amp;title_position=none&amp;fx=fade&amp;pause=1&amp;strip-style=thumbs&amp;controls=show&amp;iterate_level_3=1&amp;per_page=500&amp;photo_count=500&amp;overlay_size=s&amp;overlay_video_size=Video Original\">\n\t\t<figure class='photonic-level-1 photonic-thumb'>\n\t\t\t<a href='https:\/\/live.staticflickr.com\/4231\/35137509790_89edac0b79_c.jpg' title='' rel='lightbox-photonic-flickr-stream-7' class='photonic-lb photonic-baguettebox baguettebox' data-photonic-media-type=\"image\" data-content-type=\"image\" data-photonic-deep=\"gallery[photonic-flickr-stream-7]\/35137509790\/\" data-title=\"Essen - Gr\u00fcne Hauptstadt Europas 2017\">\n\t\t\t\t<img alt='Essen - Gr\u00fcne Hauptstadt Europas 2017' class='masonry' data-src='https:\/\/live.staticflickr.com\/4231\/35137509790_89edac0b79_c.jpg' loading='lazy' width='800' height='600' \/>\n\t\t\t<\/a>\n\t\t<\/figure>\n\t\t<figure class='photonic-level-1 photonic-thumb'>\n\t\t\t<a href='https:\/\/live.staticflickr.com\/4215\/35137510200_fe6cf215b8_c.jpg' title='' rel='lightbox-photonic-flickr-stream-7' class='photonic-lb photonic-baguettebox baguettebox' data-photonic-media-type=\"image\" data-content-type=\"image\" data-photonic-deep=\"gallery[photonic-flickr-stream-7]\/35137510200\/\" data-title=\"Essen - Gr\u00fcne Hauptstadt Europas 2017\">\n\t\t\t\t<img alt='Essen - Gr\u00fcne Hauptstadt Europas 2017' class='masonry' data-src='https:\/\/live.staticflickr.com\/4215\/35137510200_fe6cf215b8_c.jpg' loading='lazy' width='800' height='600' \/>\n\t\t\t<\/a>\n\t\t<\/figure>\n\t\t<figure class='photonic-level-1 photonic-thumb'>\n\t\t\t<a href='https:\/\/live.staticflickr.com\/4229\/35137510890_a320c7af85_c.jpg' title='' rel='lightbox-photonic-flickr-stream-7' class='photonic-lb photonic-baguettebox baguettebox' data-photonic-media-type=\"image\" data-content-type=\"image\" data-photonic-deep=\"gallery[photonic-flickr-stream-7]\/35137510890\/\" data-title=\"Essen - Gr\u00fcne Hauptstadt Europas 2017\">\n\t\t\t\t<img alt='Essen - Gr\u00fcne Hauptstadt Europas 2017' class='masonry' data-src='https:\/\/live.staticflickr.com\/4229\/35137510890_a320c7af85_c.jpg' loading='lazy' width='800' height='600' \/>\n\t\t\t<\/a>\n\t\t<\/figure>\n\t\t<figure class='photonic-level-1 photonic-thumb'>\n\t\t\t<a href='https:\/\/live.staticflickr.com\/4214\/35137511920_48c7ef976a_c.jpg' title='' rel='lightbox-photonic-flickr-stream-7' class='photonic-lb photonic-baguettebox baguettebox' data-photonic-media-type=\"image\" data-content-type=\"image\" data-photonic-deep=\"gallery[photonic-flickr-stream-7]\/35137511920\/\" data-title=\"Essen - Gr\u00fcne Hauptstadt Europas 2017\">\n\t\t\t\t<img alt='Essen - Gr\u00fcne Hauptstadt Europas 2017' class='masonry' data-src='https:\/\/live.staticflickr.com\/4214\/35137511920_48c7ef976a_c.jpg' loading='lazy' width='600' height='800' \/>\n\t\t\t<\/a>\n\t\t<\/figure>\n\t\t<figure class='photonic-level-1 photonic-thumb'>\n\t\t\t<a href='https:\/\/live.staticflickr.com\/4214\/35137512650_f8fe684528_c.jpg' title='' rel='lightbox-photonic-flickr-stream-7' class='photonic-lb photonic-baguettebox baguettebox' data-photonic-media-type=\"image\" data-content-type=\"image\" data-photonic-deep=\"gallery[photonic-flickr-stream-7]\/35137512650\/\" data-title=\"Essen - Gr\u00fcne Hauptstadt Europas 2017\">\n\t\t\t\t<img alt='Essen - Gr\u00fcne Hauptstadt Europas 2017' class='masonry' data-src='https:\/\/live.staticflickr.com\/4214\/35137512650_f8fe684528_c.jpg' loading='lazy' width='800' height='600' \/>\n\t\t\t<\/a>\n\t\t<\/figure>\n\t\t<figure class='photonic-level-1 photonic-thumb'>\n\t\t\t<a href='https:\/\/live.staticflickr.com\/4289\/35137513400_c113f0372f_c.jpg' title='' rel='lightbox-photonic-flickr-stream-7' class='photonic-lb photonic-baguettebox baguettebox' data-photonic-media-type=\"image\" data-content-type=\"image\" data-photonic-deep=\"gallery[photonic-flickr-stream-7]\/35137513400\/\" data-title=\"Essen - Gr\u00fcne Hauptstadt Europas 2017\">\n\t\t\t\t<img alt='Essen - Gr\u00fcne Hauptstadt Europas 2017' class='masonry' data-src='https:\/\/live.staticflickr.com\/4289\/35137513400_c113f0372f_c.jpg' loading='lazy' width='600' height='800' \/>\n\t\t\t<\/a>\n\t\t<\/figure>\n\n\t<\/div> <!-- .\/photonic-level-1-container -->\n\t<span id='photonic-flickr-stream-7-container-end'><\/span>\n<\/div><!-- .photonic-stream or .photonic-panel -->\n\n<figure id=\"attachment_14551\" aria-describedby=\"caption-attachment-14551\" style=\"width: 169px\" class=\"wp-caption alignleft\"><img loading=\"lazy\" decoding=\"async\" class=\"size-medium wp-image-14551\" src=\"https:\/\/www.wanderwegewelt.de\/blog\/wp-content\/uploads\/20170527_214321-e1498398585436-169x300.jpg\" alt=\"\" width=\"169\" height=\"300\" srcset=\"https:\/\/www.wanderwegewelt.de\/blog\/wp-content\/uploads\/20170527_214321-e1498398585436-169x300.jpg 169w, https:\/\/www.wanderwegewelt.de\/blog\/wp-content\/uploads\/20170527_214321-e1498398585436-768x1365.jpg 768w, https:\/\/www.wanderwegewelt.de\/blog\/wp-content\/uploads\/20170527_214321-e1498398585436-576x1024.jpg 576w, https:\/\/www.wanderwegewelt.de\/blog\/wp-content\/uploads\/20170527_214321-e1498398585436-700x1244.jpg 700w, https:\/\/www.wanderwegewelt.de\/blog\/wp-content\/uploads\/20170527_214321-e1498398585436.jpg 1836w\" sizes=\"auto, (max-width: 169px) 100vw, 169px\" \/><figcaption id=\"caption-attachment-14551\" class=\"wp-caption-text\">Abendstimmung am Atlantic Congress Hotel<\/figcaption><\/figure>\n<h2 style=\"text-align: center;\">Abendessen im\u00a0 Atlantic Congress Hotel<\/h2>\n<p>Nach einem so ereignisreichen und anstrengenden Tag gibt es nichts sch\u00f6neres als noch eben schnell zu duschen und dann an einem gedeckten Tisch ein leckeres Abendessen zu sich zu nehmen. Und so sollte es auch kommen. Allerdings scheine ich langsamer zu duschen als der Durchschnittsreiseblogger. Denn ich wurde schon lange erwartet und sa\u00df schlie\u00dflich als Vorletzter am &#8222;Tischlein deck dich&#8220;. Und auch beim Abendessen zog sich die hohe Qualit\u00e4t wie ein roter Faden vom Anfang wie Aperitif bis zum Ende beim Dessert durch die Speisenfolge. Und so gab es neben allerlei Leckereien auch einen geilen Wein. Also Wein vom Winzergut &#8222;Geil&#8220;. Das war mir zu schl\u00fcpfrig. Ich trank der Region angepasst Pils. W\u00e4hrend des Essens begann ein reger Austausch zwischen uns Bloggern. Wer hat was, wo schon gemacht. Wie waren die Erlebnisse in der jeweils anderen Gruppe. Wie wird das Wetter am n\u00e4chsten Tag? Denn zum Abschlu\u00df am kommenden Morgen wollten wir nach dem Fr\u00fchst\u00fcck\u00a0 zum Picknick in den Grugapark.<\/p>\n<div class='photonic-flickr-stream photonic-stream ' id='photonic-flickr-stream-8'>\n\n\t<div id='photonic-flickr-stream-8-container' class='title-display-none photonic-level-1-container sizes-present photonic-masonry-layout photonic-thumbnail-effect-none' data-photonic-platform=\"flickr\" data-photonic-gallery-columns=\"auto\" data-photonic-query=\"columns=auto&amp;layout=masonry&amp;display=local&amp;popup=hide&amp;filter=&amp;filter_type=include&amp;more=&amp;panel=&amp;custom_classes=&amp;alignment=&amp;photo_layout=square&amp;caption=none&amp;thumb_size=s&amp;main_size=b&amp;tile_size=same&amp;video_size=Video Original&amp;privacy_filter=&amp;count=500&amp;page=1&amp;paginate=&amp;collections_display=expanded&amp;user_id=61810381@N02&amp;collection_id=&amp;photoset_id=&amp;gallery_id=&amp;photo_id=&amp;media=photos&amp;type=flickr&amp;style=default&amp;view=photos&amp;tags=RBRuhr-8&amp;tag_mode=any&amp;sort=date-taken-asc&amp;title_position=none&amp;fx=fade&amp;pause=1&amp;strip-style=thumbs&amp;controls=show&amp;iterate_level_3=1&amp;per_page=500&amp;photo_count=500&amp;overlay_size=s&amp;overlay_video_size=Video Original\">\n\t\t<figure class='photonic-level-1 photonic-thumb'>\n\t\t\t<a href='https:\/\/live.staticflickr.com\/4266\/34683074344_57527e89e3_c.jpg' title='' rel='lightbox-photonic-flickr-stream-8' class='photonic-lb photonic-baguettebox baguettebox' data-photonic-media-type=\"image\" data-content-type=\"image\" data-photonic-deep=\"gallery[photonic-flickr-stream-8]\/34683074344\/\" data-title=\"Essen - Gr\u00fcne Hauptstadt Europas 2017\">\n\t\t\t\t<img alt='Essen - Gr\u00fcne Hauptstadt Europas 2017' class='masonry' data-src='https:\/\/live.staticflickr.com\/4266\/34683074344_57527e89e3_c.jpg' loading='lazy' width='450' height='800' \/>\n\t\t\t<\/a>\n\t\t<\/figure>\n\t\t<figure class='photonic-level-1 photonic-thumb'>\n\t\t\t<a href='https:\/\/live.staticflickr.com\/4262\/34714806133_ef7b67a164_c.jpg' title='' rel='lightbox-photonic-flickr-stream-8' class='photonic-lb photonic-baguettebox baguettebox' data-photonic-media-type=\"image\" data-content-type=\"image\" data-photonic-deep=\"gallery[photonic-flickr-stream-8]\/34714806133\/\" data-title=\"Essen - Gr\u00fcne Hauptstadt Europas 2017\">\n\t\t\t\t<img alt='Essen - Gr\u00fcne Hauptstadt Europas 2017' class='masonry' data-src='https:\/\/live.staticflickr.com\/4262\/34714806133_ef7b67a164_c.jpg' loading='lazy' width='800' height='450' \/>\n\t\t\t<\/a>\n\t\t<\/figure>\n\t\t<figure class='photonic-level-1 photonic-thumb'>\n\t\t\t<a href='https:\/\/live.staticflickr.com\/4233\/34714807423_510a700bdf_c.jpg' title='' rel='lightbox-photonic-flickr-stream-8' class='photonic-lb photonic-baguettebox baguettebox' data-photonic-media-type=\"image\" data-content-type=\"image\" data-photonic-deep=\"gallery[photonic-flickr-stream-8]\/34714807423\/\" data-title=\"Essen - Gr\u00fcne Hauptstadt Europas 2017\">\n\t\t\t\t<img alt='Essen - Gr\u00fcne Hauptstadt Europas 2017' class='masonry' data-src='https:\/\/live.staticflickr.com\/4233\/34714807423_510a700bdf_c.jpg' loading='lazy' width='450' height='800' \/>\n\t\t\t<\/a>\n\t\t<\/figure>\n\t\t<figure class='photonic-level-1 photonic-thumb'>\n\t\t\t<a href='https:\/\/live.staticflickr.com\/4258\/34714808413_fe2af9443d_c.jpg' title='' rel='lightbox-photonic-flickr-stream-8' class='photonic-lb photonic-baguettebox baguettebox' data-photonic-media-type=\"image\" data-content-type=\"image\" data-photonic-deep=\"gallery[photonic-flickr-stream-8]\/34714808413\/\" data-title=\"Essen - Gr\u00fcne Hauptstadt Europas 2017\">\n\t\t\t\t<img alt='Essen - Gr\u00fcne Hauptstadt Europas 2017' class='masonry' data-src='https:\/\/live.staticflickr.com\/4258\/34714808413_fe2af9443d_c.jpg' loading='lazy' width='450' height='800' \/>\n\t\t\t<\/a>\n\t\t<\/figure>\n\t\t<figure class='photonic-level-1 photonic-thumb'>\n\t\t\t<a href='https:\/\/live.staticflickr.com\/4254\/35393672821_859fb3a3c5_c.jpg' title='' rel='lightbox-photonic-flickr-stream-8' class='photonic-lb photonic-baguettebox baguettebox' data-photonic-media-type=\"image\" data-content-type=\"image\" data-photonic-deep=\"gallery[photonic-flickr-stream-8]\/35393672821\/\" data-title=\"Essen - Gr\u00fcne Hauptstadt Europas 2017\">\n\t\t\t\t<img alt='Essen - Gr\u00fcne Hauptstadt Europas 2017' class='masonry' data-src='https:\/\/live.staticflickr.com\/4254\/35393672821_859fb3a3c5_c.jpg' loading='lazy' width='450' height='800' \/>\n\t\t\t<\/a>\n\t\t<\/figure>\n\t\t<figure class='photonic-level-1 photonic-thumb'>\n\t\t\t<a href='https:\/\/live.staticflickr.com\/4288\/35393673341_797aafdf91_c.jpg' title='' rel='lightbox-photonic-flickr-stream-8' class='photonic-lb photonic-baguettebox baguettebox' data-photonic-media-type=\"image\" data-content-type=\"image\" data-photonic-deep=\"gallery[photonic-flickr-stream-8]\/35393673341\/\" data-title=\"Essen - Gr\u00fcne Hauptstadt Europas 2017\">\n\t\t\t\t<img alt='Essen - Gr\u00fcne Hauptstadt Europas 2017' class='masonry' data-src='https:\/\/live.staticflickr.com\/4288\/35393673341_797aafdf91_c.jpg' loading='lazy' width='800' height='450' \/>\n\t\t\t<\/a>\n\t\t<\/figure>\n\t\t<figure class='photonic-level-1 photonic-thumb'>\n\t\t\t<a href='https:\/\/live.staticflickr.com\/4209\/35524446285_1113ba9d83_c.jpg' title='' rel='lightbox-photonic-flickr-stream-8' class='photonic-lb photonic-baguettebox baguettebox' data-photonic-media-type=\"image\" data-content-type=\"image\" data-photonic-deep=\"gallery[photonic-flickr-stream-8]\/35524446285\/\" data-title=\"Essen - Gr\u00fcne Hauptstadt Europas 2017\">\n\t\t\t\t<img alt='Essen - Gr\u00fcne Hauptstadt Europas 2017' class='masonry' data-src='https:\/\/live.staticflickr.com\/4209\/35524446285_1113ba9d83_c.jpg' loading='lazy' width='450' height='800' \/>\n\t\t\t<\/a>\n\t\t<\/figure>\n\n\t<\/div> <!-- .\/photonic-level-1-container -->\n\t<span id='photonic-flickr-stream-8-container-end'><\/span>\n<\/div><!-- .photonic-stream or .photonic-panel -->\n\n<figure id=\"attachment_14555\" aria-describedby=\"caption-attachment-14555\" style=\"width: 225px\" class=\"wp-caption alignleft\"><img loading=\"lazy\" decoding=\"async\" class=\"size-medium wp-image-14555\" src=\"https:\/\/www.wanderwegewelt.de\/blog\/wp-content\/uploads\/2017-05-28_10-44-34-e1498402287661-225x300.jpg\" alt=\"Essen - Gr\u00fcne Hauptstadt Europas 2017\" width=\"225\" height=\"300\" srcset=\"https:\/\/www.wanderwegewelt.de\/blog\/wp-content\/uploads\/2017-05-28_10-44-34-e1498402287661-225x300.jpg 225w, https:\/\/www.wanderwegewelt.de\/blog\/wp-content\/uploads\/2017-05-28_10-44-34-e1498402287661-768x1024.jpg 768w, https:\/\/www.wanderwegewelt.de\/blog\/wp-content\/uploads\/2017-05-28_10-44-34-e1498402287661-700x933.jpg 700w\" sizes=\"auto, (max-width: 225px) 100vw, 225px\" \/><figcaption id=\"caption-attachment-14555\" class=\"wp-caption-text\">Der Grugapark<\/figcaption><\/figure>\n<h2 style=\"text-align: center;\"><span class=\"st\">Gro\u00dfe Ruhrl\u00e4ndische Gartenbau-Ausstellung<\/span><\/h2>\n<p>Oder auch kurz &#8222;GRUGA&#8220;. Die Vielseitigkeit der Gruga als Park inmitten der Stadt ist einmalig. Vor allem auch mit Kindern. Weitere Informationen gibt es auf den Webseiten der <a href=\"http:\/\/www.grugapark.de\" target=\"_blank\" rel=\"noopener\">Gruga<\/a>. Und in die Gruga wollten wir verbliebenen ReiseBlogger (und ich Wanderblogger) um gemeinsam nach dem Fr\u00fchst\u00fcck zu picknicken. Fr\u00fchst\u00fcck: JA!\u00a0 Gruga: JA! Picknick: NEIN! Denn es begann zu Regnen. Erst ein wenig, so das wir alle tats\u00e4chlich noch gemeinsam in den Grugapark gingen. Sp\u00e4ter allerdings wurde der Regen immer st\u00e4rker. Wir fl\u00fcchteten in das Glashaus des &#8230;. Regenwaldes! Immerhin kam hier das Wasser nicht von oben. Und eine kleine W\u00fcstenabteilung gab es auch. Hier verbrachten wir unsere Zeit mit fotografieren, WhatsApp, Twitter und Co. Wir trieben den Hashtag #RBRuhr noch einmal nach oben, quasselten Unsinn und planten die R\u00fcckfahrten. W\u00e4hrend einer Regenpause trieb es uns dann doch noch einmal in das Atlantic Congress Hotel. Bei einem gemeinsamen Kaffee lie\u00dfen wir das Bloggertreffen ausklingen und nachdem wir unsere, zuvor nicht ben\u00f6tigten, Lunchpakete in Empfang nahmen ging es mit vielen tollen Eindr\u00fccken gen Heimat. Und das war bei mir ja nicht allzu weit.<\/p>\n<div class='photonic-flickr-stream photonic-stream ' id='photonic-flickr-stream-9'>\n\n\t<div id='photonic-flickr-stream-9-container' class='title-display-none photonic-level-1-container sizes-present photonic-masonry-layout photonic-thumbnail-effect-none' data-photonic-platform=\"flickr\" data-photonic-gallery-columns=\"auto\" data-photonic-query=\"columns=auto&amp;layout=masonry&amp;display=local&amp;popup=hide&amp;filter=&amp;filter_type=include&amp;more=&amp;panel=&amp;custom_classes=&amp;alignment=&amp;photo_layout=square&amp;caption=none&amp;thumb_size=s&amp;main_size=b&amp;tile_size=same&amp;video_size=Video Original&amp;privacy_filter=&amp;count=500&amp;page=1&amp;paginate=&amp;collections_display=expanded&amp;user_id=61810381@N02&amp;collection_id=&amp;photoset_id=&amp;gallery_id=&amp;photo_id=&amp;media=photos&amp;type=flickr&amp;style=default&amp;view=photos&amp;tags=RBRuhr-9&amp;tag_mode=any&amp;sort=date-taken-asc&amp;title_position=none&amp;fx=fade&amp;pause=1&amp;strip-style=thumbs&amp;controls=show&amp;iterate_level_3=1&amp;per_page=500&amp;photo_count=500&amp;overlay_size=s&amp;overlay_video_size=Video Original\">\n\t\t<figure class='photonic-level-1 photonic-thumb'>\n\t\t\t<a href='https:\/\/live.staticflickr.com\/4241\/34716087603_ed08bd942b_c.jpg' title='' rel='lightbox-photonic-flickr-stream-9' class='photonic-lb photonic-baguettebox baguettebox' data-photonic-media-type=\"image\" data-content-type=\"image\" data-photonic-deep=\"gallery[photonic-flickr-stream-9]\/34716087603\/\" data-title=\"Essen - Gr\u00fcne Hauptstadt Europas 2017\">\n\t\t\t\t<img alt='Essen - Gr\u00fcne Hauptstadt Europas 2017' class='masonry' data-src='https:\/\/live.staticflickr.com\/4241\/34716087603_ed08bd942b_c.jpg' loading='lazy' width='800' height='450' \/>\n\t\t\t<\/a>\n\t\t<\/figure>\n\t\t<figure class='photonic-level-1 photonic-thumb'>\n\t\t\t<a href='https:\/\/live.staticflickr.com\/4239\/34716088883_da88258f9c_c.jpg' title='' rel='lightbox-photonic-flickr-stream-9' class='photonic-lb photonic-baguettebox baguettebox' data-photonic-media-type=\"image\" data-content-type=\"image\" data-photonic-deep=\"gallery[photonic-flickr-stream-9]\/34716088883\/\" data-title=\"Essen - Gr\u00fcne Hauptstadt Europas 2017\">\n\t\t\t\t<img alt='Essen - Gr\u00fcne Hauptstadt Europas 2017' class='masonry' data-src='https:\/\/live.staticflickr.com\/4239\/34716088883_da88258f9c_c.jpg' loading='lazy' width='600' height='800' \/>\n\t\t\t<\/a>\n\t\t<\/figure>\n\t\t<figure class='photonic-level-1 photonic-thumb'>\n\t\t\t<a href='https:\/\/live.staticflickr.com\/4290\/34716090223_c16b37f6da_c.jpg' title='' rel='lightbox-photonic-flickr-stream-9' class='photonic-lb photonic-baguettebox baguettebox' data-photonic-media-type=\"image\" data-content-type=\"image\" data-photonic-deep=\"gallery[photonic-flickr-stream-9]\/34716090223\/\" data-title=\"Essen - Gr\u00fcne Hauptstadt Europas 2017\">\n\t\t\t\t<img alt='Essen - Gr\u00fcne Hauptstadt Europas 2017' class='masonry' data-src='https:\/\/live.staticflickr.com\/4290\/34716090223_c16b37f6da_c.jpg' loading='lazy' width='800' height='600' \/>\n\t\t\t<\/a>\n\t\t<\/figure>\n\t\t<figure class='photonic-level-1 photonic-thumb'>\n\t\t\t<a href='https:\/\/live.staticflickr.com\/4257\/34716094733_f200a925ab_c.jpg' title='' rel='lightbox-photonic-flickr-stream-9' class='photonic-lb photonic-baguettebox baguettebox' data-photonic-media-type=\"image\" data-content-type=\"image\" data-photonic-deep=\"gallery[photonic-flickr-stream-9]\/34716094733\/\" data-title=\"Essen - Gr\u00fcne Hauptstadt Europas 2017\">\n\t\t\t\t<img alt='Essen - Gr\u00fcne Hauptstadt Europas 2017' class='masonry' data-src='https:\/\/live.staticflickr.com\/4257\/34716094733_f200a925ab_c.jpg' loading='lazy' width='800' height='600' \/>\n\t\t\t<\/a>\n\t\t<\/figure>\n\t\t<figure class='photonic-level-1 photonic-thumb'>\n\t\t\t<a href='https:\/\/live.staticflickr.com\/4217\/34716100663_945d373545_c.jpg' title='' rel='lightbox-photonic-flickr-stream-9' class='photonic-lb photonic-baguettebox baguettebox' data-photonic-media-type=\"image\" data-content-type=\"image\" data-photonic-deep=\"gallery[photonic-flickr-stream-9]\/34716100663\/\" data-title=\"Essen - Gr\u00fcne Hauptstadt Europas 2017\">\n\t\t\t\t<img alt='Essen - Gr\u00fcne Hauptstadt Europas 2017' class='masonry' data-src='https:\/\/live.staticflickr.com\/4217\/34716100663_945d373545_c.jpg' loading='lazy' width='800' height='450' \/>\n\t\t\t<\/a>\n\t\t<\/figure>\n\t\t<figure class='photonic-level-1 photonic-thumb'>\n\t\t\t<a href='https:\/\/live.staticflickr.com\/4279\/35486608826_ab6fee2179_c.jpg' title='' rel='lightbox-photonic-flickr-stream-9' class='photonic-lb photonic-baguettebox baguettebox' data-photonic-media-type=\"image\" data-content-type=\"image\" data-photonic-deep=\"gallery[photonic-flickr-stream-9]\/35486608826\/\" data-title=\"Essen - Gr\u00fcne Hauptstadt Europas 2017\">\n\t\t\t\t<img alt='Essen - Gr\u00fcne Hauptstadt Europas 2017' class='masonry' data-src='https:\/\/live.staticflickr.com\/4279\/35486608826_ab6fee2179_c.jpg' loading='lazy' width='450' height='800' \/>\n\t\t\t<\/a>\n\t\t<\/figure>\n\t\t<figure class='photonic-level-1 photonic-thumb'>\n\t\t\t<a href='https:\/\/live.staticflickr.com\/4234\/35486615646_e796b8a251_c.jpg' title='' rel='lightbox-photonic-flickr-stream-9' class='photonic-lb photonic-baguettebox baguettebox' data-photonic-media-type=\"image\" data-content-type=\"image\" data-photonic-deep=\"gallery[photonic-flickr-stream-9]\/35486615646\/\" data-title=\"Essen - Gr\u00fcne Hauptstadt Europas 2017stellung\">\n\t\t\t\t<img alt='Essen - Gr\u00fcne Hauptstadt Europas 2017stellung' class='masonry' data-src='https:\/\/live.staticflickr.com\/4234\/35486615646_e796b8a251_c.jpg' loading='lazy' width='800' height='600' \/>\n\t\t\t<\/a>\n\t\t<\/figure>\n\t\t<figure class='photonic-level-1 photonic-thumb'>\n\t\t\t<a href='https:\/\/live.staticflickr.com\/4281\/35486616856_ae8a562068_c.jpg' title='' rel='lightbox-photonic-flickr-stream-9' class='photonic-lb photonic-baguettebox baguettebox' data-photonic-media-type=\"image\" data-content-type=\"image\" data-photonic-deep=\"gallery[photonic-flickr-stream-9]\/35486616856\/\" data-title=\"Essen - Gr\u00fcne Hauptstadt Europas 2017\">\n\t\t\t\t<img alt='Essen - Gr\u00fcne Hauptstadt Europas 2017' class='masonry' data-src='https:\/\/live.staticflickr.com\/4281\/35486616856_ae8a562068_c.jpg' loading='lazy' width='600' height='800' \/>\n\t\t\t<\/a>\n\t\t<\/figure>\n\t\t<figure class='photonic-level-1 photonic-thumb'>\n\t\t\t<a href='https:\/\/live.staticflickr.com\/4206\/35486617626_18c01c26cd_c.jpg' title='' rel='lightbox-photonic-flickr-stream-9' class='photonic-lb photonic-baguettebox baguettebox' data-photonic-media-type=\"image\" data-content-type=\"image\" data-photonic-deep=\"gallery[photonic-flickr-stream-9]\/35486617626\/\" data-title=\"Essen - Gr\u00fcne Hauptstadt Europas 2017\">\n\t\t\t\t<img alt='Essen - Gr\u00fcne Hauptstadt Europas 2017' class='masonry' data-src='https:\/\/live.staticflickr.com\/4206\/35486617626_18c01c26cd_c.jpg' loading='lazy' width='800' height='600' \/>\n\t\t\t<\/a>\n\t\t<\/figure>\n\t\t<figure class='photonic-level-1 photonic-thumb'>\n\t\t\t<a href='https:\/\/live.staticflickr.com\/4238\/35486618426_f36089d440_c.jpg' title='' rel='lightbox-photonic-flickr-stream-9' class='photonic-lb photonic-baguettebox baguettebox' data-photonic-media-type=\"image\" data-content-type=\"image\" data-photonic-deep=\"gallery[photonic-flickr-stream-9]\/35486618426\/\" data-title=\"Essen - Gr\u00fcne Hauptstadt Europas 2017\">\n\t\t\t\t<img alt='Essen - Gr\u00fcne Hauptstadt Europas 2017' class='masonry' data-src='https:\/\/live.staticflickr.com\/4238\/35486618426_f36089d440_c.jpg' loading='lazy' width='800' height='600' \/>\n\t\t\t<\/a>\n\t\t<\/figure>\n\t\t<figure class='photonic-level-1 photonic-thumb'>\n\t\t\t<a href='https:\/\/live.staticflickr.com\/4238\/35525594555_298034dfd5_c.jpg' title='' rel='lightbox-photonic-flickr-stream-9' class='photonic-lb photonic-baguettebox baguettebox' data-photonic-media-type=\"image\" data-content-type=\"image\" data-photonic-deep=\"gallery[photonic-flickr-stream-9]\/35525594555\/\" data-title=\"Essen - Gr\u00fcne Hauptstadt Europas 2017\">\n\t\t\t\t<img alt='Essen - Gr\u00fcne Hauptstadt Europas 2017' class='masonry' data-src='https:\/\/live.staticflickr.com\/4238\/35525594555_298034dfd5_c.jpg' loading='lazy' width='600' height='800' \/>\n\t\t\t<\/a>\n\t\t<\/figure>\n\n\t<\/div> <!-- .\/photonic-level-1-container -->\n\t<span id='photonic-flickr-stream-9-container-end'><\/span>\n<\/div><!-- .photonic-stream or .photonic-panel -->\n\n<h2 style=\"text-align: center;\">Dankesch\u00f6n<\/h2>\n<p>An Janett von <a href=\"https:\/\/teilzeitreisender.de\/\" target=\"_blank\" rel=\"noopener\">Teilzeitreisender<\/a> und Anja von <a href=\"https:\/\/www.travelontoast.de\/\" target=\"_blank\" rel=\"noopener\">TravelonToast<\/a> f\u00fcr die Organisation. Ebenso an die <a href=\"http:\/\/www.ruhr-tourismus.de\/\" target=\"_blank\" rel=\"noopener\">Ruhrtourismus Gmbh<\/a>, der <a href=\"https:\/\/www.essengreen.capital\/startseite_essen_egc.de.html\" target=\"_blank\" rel=\"noopener\">Gr\u00fcnen Hauptstadt Europa Essen 2017<\/a> sowie dem <a href=\"https:\/\/www.atlantic-congress-hotel-messe-essen.de\/\" target=\"_blank\" rel=\"noopener\">Atlantic Congress Hotel<\/a>. Danke auch an Ulrich Schreiber f\u00fcr das &#8222;bet\u00fcddeln&#8220;.<\/p>\n<p>So und jetzt holt euch eure Zweitmeinung ab. Und zwar bei <a href=\"https:\/\/www.hostelmax.de\/reiseblogger-treffen-essen-rbruhr\/\" target=\"_blank\" rel=\"noopener\">Max<\/a>, <a href=\"http:\/\/1001reisedetails.de\/atlantic-congress-hotel-essen\/\" target=\"_blank\" rel=\"noopener\">Daniela und Tanja<\/a>, Eva, <a href=\"http:\/\/www.wahlheimat.ruhr\/2017\/06\/18\/gruene-hauptstadt-essen-wo-sich-radschnellweg-und-see-krupp-vergangenheit-und-gruener-garten-treffen\/\" target=\"_blank\" rel=\"noopener\">Danny<\/a>, Thomas und Melanie, Vanessa, Anja, Gina und Marcus, <a href=\"http:\/\/www.weltenkundler.com\/es-gruent-so-gruen-in-essen\/\" target=\"_blank\" rel=\"noopener\">Antje<\/a>, <a href=\"https:\/\/eichental.blog\/2017\/05\/30\/urlaub-im-ruhrgebiet-reisebloggertreffen-rbruhr\/\" target=\"_blank\" rel=\"noopener\">Michael<\/a>, <a href=\"http:\/\/rebeccasreisen.de\/startseite\/von-grau-zu-gruen-acht-gruende-warum-ihr-essen-die-gruene-hauptstadt-europas-2017-unbedingt-mal-besuchen-solltet\/\" target=\"_blank\" rel=\"noopener\">Rebecca<\/a>, Lara, <a href=\"http:\/\/www.no-mads.de\/myblog\/komm-zur-ruhr-teil-1\/\" target=\"_blank\" rel=\"noopener\">Marina<\/a>, <a href=\"http:\/\/waalheimat.de\/industriekultur-mit-sommerflair-64-highlights-im-ruhrgebiet\/\" target=\"_blank\" rel=\"noopener\">Eva und Karoline<\/a>, <a href=\"http:\/\/icheinfachunterwegs.de\/reisebloggertreffen-rbruhr\/\" target=\"_blank\" rel=\"noopener\">Jutta<\/a>, <a href=\"http:\/\/pottandbeyond.de\/ruhrgebiet-entdecken-1\/\" target=\"_blank\" rel=\"noopener\">Anja<\/a>, <a href=\"http:\/\/flowers-and-candies.de\/home\/das-ruhrgebiet-mein-trip-in-die-gruene-hauptstadt-essen\/\" target=\"_blank\" rel=\"noopener\">Maike<\/a>, <a href=\"http:\/\/www.ostwestf4le.de\/2017\/06\/12\/ruhrgebiet-von-seiner-gruenen-seite-rbruhr-essen\/\" target=\"_blank\" rel=\"noopener\">Marc<\/a>, <a href=\"http:\/\/lebenalacarte.de\/atlantic-congress-hotel-essen-dinner-a-la-carte-genial-designte-zimmer-und-wellness-ueber-den-daechern-der-stadt\/\" target=\"_blank\" rel=\"noopener\">Caro und Simon<\/a>, <a href=\"http:\/\/orangediamond.de\/gemeinsam-im-gruenen-gemeinschaftsgaerten-in-essen\/\" target=\"_blank\" rel=\"noopener\">Alexa<\/a> und <a href=\"http:\/\/levartworld.de\/5-top-highlights-im-ruhrgebiet-mit-kindern-ruhrpott-attraktionen\/\" target=\"_blank\" rel=\"noopener\">Alexandra<\/a>.<\/p>\n<p><span style=\"color: #ff0000;\">Hinweis:<\/span> Dieser Bericht entstand nach Einladung der Ruhrtourismus Gmbh, der Gr\u00fcnen Hauptstadt Essen sowie dem Atlantic Congress Hotel. Meine Meinung wurde dadurch nicht beeinflusst.<\/p>\n<div class=\"shariff shariff-align-left shariff-widget-align-left\" data-services=\"facebook%7Cpinterest%7Creddit%7Cvk\" data-url=\"https:\/\/www.wanderwegewelt.de\/blog\/essen-gruene-hauptstadt-europas-2017\/\" data-timestamp=\"1751972521\" data-backendurl=\"https:\/\/www.wanderwegewelt.de\/blog\/wp-json\/shariff\/v1\/share_counts?\"><ul class=\"shariff-buttons theme-round orientation-horizontal buttonsize-large\"><li class=\"shariff-button facebook shariff-nocustomcolor\" style=\"background-color:#4273c8;border-radius:20%\"><a href=\"https:\/\/www.facebook.com\/sharer\/sharer.php?u=https%3A%2F%2Fwww.wanderwegewelt.de%2Fblog%2Fessen-gruene-hauptstadt-europas-2017%2F\" title=\"Bei Facebook teilen\" aria-label=\"Bei Facebook teilen\" role=\"button\" rel=\"nofollow\" class=\"shariff-link\" style=\";border-radius:20%; background-color:#3b5998; color:#fff\" target=\"_blank\"><span class=\"shariff-icon\" style=\"\"><svg width=\"32px\" height=\"20px\" xmlns=\"http:\/\/www.w3.org\/2000\/svg\" viewBox=\"0 0 18 32\"><path fill=\"#3b5998\" d=\"M17.1 0.2v4.7h-2.8q-1.5 0-2.1 0.6t-0.5 1.9v3.4h5.2l-0.7 5.3h-4.5v13.6h-5.5v-13.6h-4.5v-5.3h4.5v-3.9q0-3.3 1.9-5.2t5-1.8q2.6 0 4.1 0.2z\"\/><\/svg><\/span><span data-service=\"facebook\" style=\"color:#3b5998\" class=\"shariff-count shariff-hidezero\"><\/span>&nbsp;<\/a><\/li><li class=\"shariff-button twitter shariff-nocustomcolor\" style=\"background-color:#595959;border-radius:20%\"><a href=\"https:\/\/twitter.com\/share?url=https%3A%2F%2Fwww.wanderwegewelt.de%2Fblog%2Fessen-gruene-hauptstadt-europas-2017%2F&text=Essen%20%E2%80%93%20Gr%C3%BCne%20Hauptstadt%20Europas%202017&via=wanderwegewelt\" title=\"Bei X teilen\" aria-label=\"Bei X teilen\" role=\"button\" rel=\"noopener nofollow\" class=\"shariff-link\" style=\";border-radius:20%; background-color:#000; color:#fff\" target=\"_blank\"><span class=\"shariff-icon\" style=\"\"><svg width=\"32px\" height=\"20px\" xmlns=\"http:\/\/www.w3.org\/2000\/svg\" viewBox=\"0 0 24 24\"><path fill=\"#000\" d=\"M14.258 10.152L23.176 0h-2.113l-7.747 8.813L7.133 0H0l9.352 13.328L0 23.973h2.113l8.176-9.309 6.531 9.309h7.133zm-2.895 3.293l-.949-1.328L2.875 1.56h3.246l6.086 8.523.945 1.328 7.91 11.078h-3.246zm0 0\"\/><\/svg><\/span><\/a><\/li><li class=\"shariff-button mastodon shariff-nocustomcolor\" style=\"background-color:#563ACC;border-radius:20%\"><a href=\"https:\/\/s2f.kytta.dev\/?text=Essen%20%E2%80%93%20Gr%C3%BCne%20Hauptstadt%20Europas%202017 https%3A%2F%2Fwww.wanderwegewelt.de%2Fblog%2Fessen-gruene-hauptstadt-europas-2017%2F\" title=\"Bei Mastodon teilen\" aria-label=\"Bei Mastodon teilen\" role=\"button\" rel=\"noopener nofollow\" class=\"shariff-link\" style=\";border-radius:20%; background-color:#6364FF; color:#fff\" target=\"_blank\"><span class=\"shariff-icon\" style=\"\"><svg width=\"75\" height=\"79\" viewBox=\"0 0 75 79\" fill=\"none\" xmlns=\"http:\/\/www.w3.org\/2000\/svg\"><path d=\"M37.813-.025C32.462-.058 27.114.13 21.79.598c-8.544.621-17.214 5.58-20.203 13.931C-1.12 23.318.408 32.622.465 41.65c.375 7.316.943 14.78 3.392 21.73 4.365 9.465 14.781 14.537 24.782 15.385 7.64.698 15.761-.213 22.517-4.026a54.1 54.1 0 0 0 .01-6.232c-6.855 1.316-14.101 2.609-21.049 1.074-3.883-.88-6.876-4.237-7.25-8.215-1.53-3.988 3.78-.43 5.584-.883 9.048 1.224 18.282.776 27.303-.462 7.044-.837 14.26-4.788 16.65-11.833 2.263-6.135 1.215-12.79 1.698-19.177.06-3.84.09-7.692-.262-11.52C72.596 7.844 63.223.981 53.834.684a219.453 219.453 0 0 0-16.022-.71zm11.294 12.882c5.5-.067 10.801 4.143 11.67 9.653.338 1.48.471 3 .471 4.515v21.088h-8.357c-.07-7.588.153-15.182-.131-22.765-.587-4.368-7.04-5.747-9.672-2.397-2.422 3.04-1.47 7.155-1.67 10.735v6.392h-8.307c-.146-4.996.359-10.045-.404-15.002-1.108-4.218-7.809-5.565-10.094-1.666-1.685 3.046-.712 6.634-.976 9.936v14.767h-8.354c.109-8.165-.238-16.344.215-24.5.674-5.346 5.095-10.389 10.676-10.627 4.902-.739 10.103 2.038 12.053 6.631.375 1.435 1.76 1.932 1.994.084 1.844-3.704 5.501-6.739 9.785-6.771.367-.044.735-.068 1.101-.073z\"\/><defs><linearGradient id=\"paint0_linear_549_34\" x1=\"37.0692\" y1=\"0\" x2=\"37.0692\" y2=\"79\" gradientUnits=\"userSpaceOnUse\"><stop stop-color=\"#6364FF\"\/><stop offset=\"1\" stop-color=\"#563ACC\"\/><\/linearGradient><\/defs><\/svg><\/span><\/a><\/li><li class=\"shariff-button whatsapp shariff-nocustomcolor shariff-mobile\" style=\"background-color:#5cbe4a;border-radius:20%\"><a href=\"https:\/\/api.whatsapp.com\/send?text=https%3A%2F%2Fwww.wanderwegewelt.de%2Fblog%2Fessen-gruene-hauptstadt-europas-2017%2F%20Essen%20%E2%80%93%20Gr%C3%BCne%20Hauptstadt%20Europas%202017\" title=\"Bei Whatsapp teilen\" aria-label=\"Bei Whatsapp teilen\" role=\"button\" rel=\"noopener nofollow\" class=\"shariff-link\" style=\";border-radius:20%; background-color:#34af23; color:#fff\" target=\"_blank\"><span class=\"shariff-icon\" style=\"\"><svg width=\"32px\" height=\"20px\" xmlns=\"http:\/\/www.w3.org\/2000\/svg\" viewBox=\"0 0 32 32\"><path fill=\"#34af23\" d=\"M17.6 17.4q0.2 0 1.7 0.8t1.6 0.9q0 0.1 0 0.3 0 0.6-0.3 1.4-0.3 0.7-1.3 1.2t-1.8 0.5q-1 0-3.4-1.1-1.7-0.8-3-2.1t-2.6-3.3q-1.3-1.9-1.3-3.5v-0.1q0.1-1.6 1.3-2.8 0.4-0.4 0.9-0.4 0.1 0 0.3 0t0.3 0q0.3 0 0.5 0.1t0.3 0.5q0.1 0.4 0.6 1.6t0.4 1.3q0 0.4-0.6 1t-0.6 0.8q0 0.1 0.1 0.3 0.6 1.3 1.8 2.4 1 0.9 2.7 1.8 0.2 0.1 0.4 0.1 0.3 0 1-0.9t0.9-0.9zM14 26.9q2.3 0 4.3-0.9t3.6-2.4 2.4-3.6 0.9-4.3-0.9-4.3-2.4-3.6-3.6-2.4-4.3-0.9-4.3 0.9-3.6 2.4-2.4 3.6-0.9 4.3q0 3.6 2.1 6.6l-1.4 4.2 4.3-1.4q2.8 1.9 6.2 1.9zM14 2.2q2.7 0 5.2 1.1t4.3 2.9 2.9 4.3 1.1 5.2-1.1 5.2-2.9 4.3-4.3 2.9-5.2 1.1q-3.5 0-6.5-1.7l-7.4 2.4 2.4-7.2q-1.9-3.2-1.9-6.9 0-2.7 1.1-5.2t2.9-4.3 4.3-2.9 5.2-1.1z\"\/><\/svg><\/span><\/a><\/li><li class=\"shariff-button threema shariff-nocustomcolor shariff-mobile\" style=\"background-color:#4fbc24;border-radius:20%\"><a href=\"threema:\/\/compose?text=Essen%20%E2%80%93%20Gr%C3%BCne%20Hauptstadt%20Europas%202017%20https%3A%2F%2Fwww.wanderwegewelt.de%2Fblog%2Fessen-gruene-hauptstadt-europas-2017%2F\" title=\"Bei Threema teilen\" aria-label=\"Bei Threema teilen\" role=\"button\" rel=\"noopener nofollow\" class=\"shariff-link\" style=\";border-radius:20%; background-color:#1f1f1f; color:#fff\" target=\"_blank\"><span class=\"shariff-icon\" style=\"\"><svg width=\"32px\" height=\"20px\" xmlns=\"http:\/\/www.w3.org\/2000\/svg\" viewBox=\"0 0 32 32\"><path fill=\"#1f1f1f\" d=\"M30.8 10.9c-0.3-1.4-0.9-2.6-1.8-3.8-2-2.6-5.5-4.5-9.4-5.2-1.3-0.2-1.9-0.3-3.5-0.3s-2.2 0-3.5 0.3c-4 0.7-7.4 2.6-9.4 5.2-0.9 1.2-1.5 2.4-1.8 3.8-0.1 0.5-0.2 1.2-0.2 1.6 0 0.4 0.1 1.1 0.2 1.6 0.4 1.9 1.3 3.4 2.9 5 0.8 0.8 0.8 0.8 0.7 1.3 0 0.6-0.5 1.6-1.7 3.6-0.3 0.5-0.5 0.9-0.5 0.9 0 0.1 0.1 0.1 0.5 0 0.8-0.2 2.3-0.6 5.6-1.6 1.1-0.3 1.3-0.4 2.3-0.4 0.8 0 1.1 0 2.3 0.2 1.5 0.2 3.5 0.2 4.9 0 5.1-0.6 9.3-2.9 11.4-6.3 0.5-0.9 0.9-1.8 1.1-2.8 0.1-0.5 0.2-1.1 0.2-1.6 0-0.7-0.1-1.1-0.2-1.6-0.3-1.4 0.1 0.5 0 0zM20.6 17.3c0 0.4-0.4 0.8-0.8 0.8h-7.7c-0.4 0-0.8-0.4-0.8-0.8v-4.6c0-0.4 0.4-0.8 0.8-0.8h0.2l0-1.6c0-0.9 0-1.8 0.1-2 0.1-0.6 0.6-1.2 1.1-1.7s1.1-0.7 1.9-0.8c1.8-0.3 3.7 0.7 4.2 2.2 0.1 0.3 0.1 0.7 0.1 2.1v0 1.7h0.1c0.4 0 0.8 0.4 0.8 0.8v4.6zM15.6 7.3c-0.5 0.1-0.8 0.3-1.2 0.6s-0.6 0.8-0.7 1.3c0 0.2 0 0.8 0 1.5l0 1.2h4.6v-1.3c0-1 0-1.4-0.1-1.6-0.3-1.1-1.5-1.9-2.6-1.7zM25.8 28.2c0 1.2-1 2.2-2.1 2.2s-2.1-1-2.1-2.1c0-1.2 1-2.1 2.2-2.1s2.2 1 2.2 2.2zM18.1 28.2c0 1.2-1 2.2-2.1 2.2s-2.1-1-2.1-2.1c0-1.2 1-2.1 2.2-2.1s2.2 1 2.2 2.2zM10.4 28.2c0 1.2-1 2.2-2.1 2.2s-2.1-1-2.1-2.1c0-1.2 1-2.1 2.2-2.1s2.2 1 2.2 2.2z\"\/><\/svg><\/span><\/a><\/li><li class=\"shariff-button pinterest shariff-nocustomcolor\" style=\"background-color:#e70f18;border-radius:20%\"><a href=\"https:\/\/www.pinterest.com\/pin\/create\/link\/?url=https%3A%2F%2Fwww.wanderwegewelt.de%2Fblog%2Fessen-gruene-hauptstadt-europas-2017%2F&media=https%3A%2F%2Fwww.wanderwegewelt.de%2Fblog%2Fwp-content%2Fuploads%2F2017-05-27_15-01-12.jpg&description=Essen%20%E2%80%93%20Gr%C3%BCne%20Hauptstadt%20Europas%202017\" title=\"Bei Pinterest pinnen\" aria-label=\"Bei Pinterest pinnen\" role=\"button\" rel=\"noopener nofollow\" class=\"shariff-link\" style=\";border-radius:20%; background-color:#cb2027; color:#fff\" target=\"_blank\"><span class=\"shariff-icon\" style=\"\"><svg width=\"32px\" height=\"20px\" xmlns=\"http:\/\/www.w3.org\/2000\/svg\" viewBox=\"0 0 27 32\"><path fill=\"#cb2027\" d=\"M27.4 16q0 3.7-1.8 6.9t-5 5-6.9 1.9q-2 0-3.9-0.6 1.1-1.7 1.4-2.9 0.2-0.6 1-3.8 0.4 0.7 1.3 1.2t2 0.5q2.1 0 3.8-1.2t2.7-3.4 0.9-4.8q0-2-1.1-3.8t-3.1-2.9-4.5-1.2q-1.9 0-3.5 0.5t-2.8 1.4-2 2-1.2 2.3-0.4 2.4q0 1.9 0.7 3.3t2.1 2q0.5 0.2 0.7-0.4 0-0.1 0.1-0.5t0.2-0.5q0.1-0.4-0.2-0.8-0.9-1.1-0.9-2.7 0-2.7 1.9-4.6t4.9-2q2.7 0 4.2 1.5t1.5 3.8q0 3-1.2 5.2t-3.1 2.1q-1.1 0-1.7-0.8t-0.4-1.9q0.1-0.6 0.5-1.7t0.5-1.8 0.2-1.4q0-0.9-0.5-1.5t-1.4-0.6q-1.1 0-1.9 1t-0.8 2.6q0 1.3 0.4 2.2l-1.8 7.5q-0.3 1.2-0.2 3.2-3.7-1.6-6-5t-2.3-7.6q0-3.7 1.9-6.9t5-5 6.9-1.9 6.9 1.9 5 5 1.8 6.9z\"\/><\/svg><\/span><span data-service=\"pinterest\" style=\"color:#cb2027\" class=\"shariff-count\"> 0<\/span>&nbsp;<\/a><\/li><li class=\"shariff-button xing shariff-nocustomcolor\" style=\"background-color:#29888a;border-radius:20%\"><a href=\"https:\/\/www.xing.com\/spi\/shares\/new?url=https%3A%2F%2Fwww.wanderwegewelt.de%2Fblog%2Fessen-gruene-hauptstadt-europas-2017%2F\" title=\"Bei XING teilen\" aria-label=\"Bei XING teilen\" role=\"button\" rel=\"noopener nofollow\" class=\"shariff-link\" style=\";border-radius:20%; background-color:#126567; color:#fff\" target=\"_blank\"><span class=\"shariff-icon\" style=\"\"><svg width=\"32px\" height=\"20px\" xmlns=\"http:\/\/www.w3.org\/2000\/svg\" viewBox=\"0 0 25 32\"><path fill=\"#126567\" d=\"M10.7 11.9q-0.2 0.3-4.6 8.2-0.5 0.8-1.2 0.8h-4.3q-0.4 0-0.5-0.3t0-0.6l4.5-8q0 0 0 0l-2.9-5q-0.2-0.4 0-0.7 0.2-0.3 0.5-0.3h4.3q0.7 0 1.2 0.8zM25.1 0.4q0.2 0.3 0 0.7l-9.4 16.7 6 11q0.2 0.4 0 0.6-0.2 0.3-0.6 0.3h-4.3q-0.7 0-1.2-0.8l-6-11.1q0.3-0.6 9.5-16.8 0.4-0.8 1.2-0.8h4.3q0.4 0 0.5 0.3z\"\/><\/svg><\/span><\/a><\/li><li class=\"shariff-button linkedin shariff-nocustomcolor\" style=\"background-color:#1488bf;border-radius:20%\"><a href=\"https:\/\/www.linkedin.com\/sharing\/share-offsite\/?url=https%3A%2F%2Fwww.wanderwegewelt.de%2Fblog%2Fessen-gruene-hauptstadt-europas-2017%2F\" title=\"Bei LinkedIn teilen\" aria-label=\"Bei LinkedIn teilen\" role=\"button\" rel=\"noopener nofollow\" class=\"shariff-link\" style=\";border-radius:20%; background-color:#0077b5; color:#fff\" target=\"_blank\"><span class=\"shariff-icon\" style=\"\"><svg width=\"32px\" height=\"20px\" xmlns=\"http:\/\/www.w3.org\/2000\/svg\" viewBox=\"0 0 27 32\"><path fill=\"#0077b5\" d=\"M6.2 11.2v17.7h-5.9v-17.7h5.9zM6.6 5.7q0 1.3-0.9 2.2t-2.4 0.9h0q-1.5 0-2.4-0.9t-0.9-2.2 0.9-2.2 2.4-0.9 2.4 0.9 0.9 2.2zM27.4 18.7v10.1h-5.9v-9.5q0-1.9-0.7-2.9t-2.3-1.1q-1.1 0-1.9 0.6t-1.2 1.5q-0.2 0.5-0.2 1.4v9.9h-5.9q0-7.1 0-11.6t0-5.3l0-0.9h5.9v2.6h0q0.4-0.6 0.7-1t1-0.9 1.6-0.8 2-0.3q3 0 4.9 2t1.9 6z\"\/><\/svg><\/span><\/a><\/li><li class=\"shariff-button reddit shariff-nocustomcolor\" style=\"background-color:#ff5700;border-radius:20%\"><a href=\"https:\/\/www.reddit.com\/submit?url=https%3A%2F%2Fwww.wanderwegewelt.de%2Fblog%2Fessen-gruene-hauptstadt-europas-2017%2F\" title=\"Bei Reddit teilen\" aria-label=\"Bei Reddit teilen\" role=\"button\" rel=\"noopener nofollow\" class=\"shariff-link\" style=\";border-radius:20%; background-color:#ff4500; color:#fff\" target=\"_blank\"><span class=\"shariff-icon\" style=\"\"><svg xmlns=\"http:\/\/www.w3.org\/2000\/svg\" viewBox=\"0 0 512 512\"><path fill=\"#ff4500\" d=\"M440.3 203.5c-15 0-28.2 6.2-37.9 15.9-35.7-24.7-83.8-40.6-137.1-42.3L293 52.3l88.2 19.8c0 21.6 17.6 39.2 39.2 39.2 22 0 39.7-18.1 39.7-39.7s-17.6-39.7-39.7-39.7c-15.4 0-28.7 9.3-35.3 22l-97.4-21.6c-4.9-1.3-9.7 2.2-11 7.1L246.3 177c-52.9 2.2-100.5 18.1-136.3 42.8-9.7-10.1-23.4-16.3-38.4-16.3-55.6 0-73.8 74.6-22.9 100.1-1.8 7.9-2.6 16.3-2.6 24.7 0 83.8 94.4 151.7 210.3 151.7 116.4 0 210.8-67.9 210.8-151.7 0-8.4-.9-17.2-3.1-25.1 49.9-25.6 31.5-99.7-23.8-99.7zM129.4 308.9c0-22 17.6-39.7 39.7-39.7 21.6 0 39.2 17.6 39.2 39.7 0 21.6-17.6 39.2-39.2 39.2-22 .1-39.7-17.6-39.7-39.2zm214.3 93.5c-36.4 36.4-139.1 36.4-175.5 0-4-3.5-4-9.7 0-13.7 3.5-3.5 9.7-3.5 13.2 0 27.8 28.5 120 29 149 0 3.5-3.5 9.7-3.5 13.2 0 4.1 4 4.1 10.2.1 13.7zm-.8-54.2c-21.6 0-39.2-17.6-39.2-39.2 0-22 17.6-39.7 39.2-39.7 22 0 39.7 17.6 39.7 39.7-.1 21.5-17.7 39.2-39.7 39.2z\"\/><\/svg><\/span><span data-service=\"reddit\" style=\"color:#ff4500\" class=\"shariff-count shariff-hidezero\"><\/span>&nbsp;<\/a><\/li><li class=\"shariff-button vk shariff-nocustomcolor\" style=\"background-color:#4273c8;border-radius:20%\"><a href=\"https:\/\/vk.com\/share.php?url=https%3A%2F%2Fwww.wanderwegewelt.de%2Fblog%2Fessen-gruene-hauptstadt-europas-2017%2F\" title=\"Bei VK teilen\" aria-label=\"Bei VK teilen\" role=\"button\" rel=\"noopener nofollow\" class=\"shariff-link\" style=\";border-radius:20%; background-color:#527498; color:#fff\" target=\"_blank\"><span class=\"shariff-icon\" style=\"\"><svg width=\"32px\" height=\"20px\" xmlns=\"http:\/\/www.w3.org\/2000\/svg\" viewBox=\"0 0 34 32\"><path fill=\"#527498\" d=\"M34.2 9.3q0.4 1.1-2.7 5.3-0.4 0.6-1.2 1.5-1.4 1.8-1.6 2.3-0.3 0.7 0.3 1.4 0.3 0.4 1.4 1.5h0l0.1 0.1q2.5 2.3 3.4 3.9 0.1 0.1 0.1 0.2t0.1 0.5 0 0.6-0.4 0.5-1.1 0.2l-4.6 0.1q-0.4 0.1-1-0.1t-0.9-0.4l-0.4-0.2q-0.5-0.4-1.2-1.1t-1.2-1.4-1.1-1-1-0.3q-0.1 0-0.1 0.1t-0.3 0.3-0.4 0.5-0.3 0.9-0.1 1.4q0 0.3-0.1 0.5t-0.1 0.3l-0.1 0.1q-0.3 0.3-0.9 0.4h-2.1q-1.3 0.1-2.6-0.3t-2.3-0.9-1.8-1.2-1.3-1l-0.4-0.4q-0.2-0.2-0.5-0.5t-1.3-1.6-1.9-2.7-2.2-3.8-2.3-4.9q-0.1-0.3-0.1-0.5t0.1-0.3l0.1-0.1q0.3-0.3 1-0.3l4.9 0q0.2 0 0.4 0.1t0.3 0.2l0.1 0.1q0.3 0.2 0.4 0.6 0.4 0.9 0.8 1.8t0.7 1.5l0.3 0.5q0.5 1.1 1 1.9t0.9 1.2 0.7 0.7 0.6 0.3 0.5-0.1q0 0 0.1-0.1t0.2-0.4 0.2-0.8 0.2-1.4 0-2.2q0-0.7-0.2-1.3t-0.2-0.8l-0.1-0.2q-0.4-0.6-1.5-0.8-0.2 0 0.1-0.4 0.3-0.3 0.7-0.5 0.9-0.5 4.3-0.4 1.5 0 2.4 0.2 0.4 0.1 0.6 0.2t0.4 0.4 0.2 0.6 0.1 0.8 0 1 0 1.3 0 1.5q0 0.2 0 0.8t0 0.9 0.1 0.7 0.2 0.7 0.4 0.4q0.1 0 0.3 0.1t0.5-0.2 0.7-0.6 0.9-1.2 1.2-1.9q1.1-1.9 1.9-4 0.1-0.2 0.2-0.3t0.2-0.2l0.1-0.1 0.1 0t0.2-0.1 0.4 0l5.1 0q0.7-0.1 1.1 0t0.6 0.3z\"\/><\/svg><\/span><span data-service=\"vk\" style=\"color:#527498\" class=\"shariff-count\"> 0<\/span>&nbsp;<\/a><\/li><li class=\"shariff-button diaspora shariff-nocustomcolor\" style=\"background-color:#b3b3b3;border-radius:20%\"><a href=\"https:\/\/share.diasporafoundation.org\/?url=https%3A%2F%2Fwww.wanderwegewelt.de%2Fblog%2Fessen-gruene-hauptstadt-europas-2017%2F&title=Essen%20%E2%80%93%20Gr%C3%BCne%20Hauptstadt%20Europas%202017\" title=\"Bei diaspora* teilen\" aria-label=\"Bei diaspora* teilen\" role=\"button\" rel=\"noopener nofollow\" class=\"shariff-link\" style=\";border-radius:20%; background-color:#999; color:#fff\" target=\"_blank\"><span class=\"shariff-icon\" style=\"\"><svg width=\"32px\" height=\"20px\" xmlns=\"http:\/\/www.w3.org\/2000\/svg\" viewBox=\"0 0 33 32\"><path fill=\"#999\" d=\"M20.6 28.2c-0.8-1.2-2.1-2.9-2.9-4-0.8-1.1-1.4-1.9-1.4-1.9s-1.2 1.6-2.8 3.8c-1.5 2.1-2.8 3.8-2.8 3.8 0 0-5.5-3.9-5.5-3.9 0 0 1.2-1.8 2.8-4s2.8-4 2.8-4.1c0-0.1-0.5-0.2-4.4-1.5-2.4-0.8-4.4-1.5-4.4-1.5 0 0 0.2-0.8 1-3.2 0.6-1.8 1-3.2 1.1-3.3s2.1 0.6 4.6 1.5c2.5 0.8 4.6 1.5 4.6 1.5s0.1 0 0.1-0.1c0 0 0-2.2 0-4.8s0-4.7 0.1-4.7c0 0 0.7 0 3.3 0 1.8 0 3.3 0 3.4 0 0 0 0.1 1.4 0.2 4.6 0.1 5.2 0.1 5.3 0.2 5.3 0 0 2-0.7 4.5-1.5s4.4-1.5 4.4-1.5c0 0.1 2 6.5 2 6.5 0 0-2 0.7-4.5 1.5-3.4 1.1-4.5 1.5-4.5 1.6 0 0 1.2 1.8 2.6 3.9 1.5 2.1 2.6 3.9 2.6 3.9 0 0-5.4 4-5.5 4 0 0-0.7-0.9-1.5-2.1z\"\/><\/svg><\/span><\/a><\/li><li class=\"shariff-button mailto shariff-nocustomcolor\" style=\"background-color:#a8a8a8;border-radius:20%\"><a href=\"mailto:?body=https%3A%2F%2Fwww.wanderwegewelt.de%2Fblog%2Fessen-gruene-hauptstadt-europas-2017%2F&subject=Essen%20%E2%80%93%20Gr%C3%BCne%20Hauptstadt%20Europas%202017\" title=\"Per E-Mail versenden\" aria-label=\"Per E-Mail versenden\" role=\"button\" rel=\"noopener nofollow\" class=\"shariff-link\" style=\";border-radius:20%; background-color:#999; color:#fff\"><span class=\"shariff-icon\" style=\"\"><svg width=\"32px\" height=\"20px\" xmlns=\"http:\/\/www.w3.org\/2000\/svg\" viewBox=\"0 0 32 32\"><path fill=\"#999\" d=\"M32 12.7v14.2q0 1.2-0.8 2t-2 0.9h-26.3q-1.2 0-2-0.9t-0.8-2v-14.2q0.8 0.9 1.8 1.6 6.5 4.4 8.9 6.1 1 0.8 1.6 1.2t1.7 0.9 2 0.4h0.1q0.9 0 2-0.4t1.7-0.9 1.6-1.2q3-2.2 8.9-6.1 1-0.7 1.8-1.6zM32 7.4q0 1.4-0.9 2.7t-2.2 2.2q-6.7 4.7-8.4 5.8-0.2 0.1-0.7 0.5t-1 0.7-0.9 0.6-1.1 0.5-0.9 0.2h-0.1q-0.4 0-0.9-0.2t-1.1-0.5-0.9-0.6-1-0.7-0.7-0.5q-1.6-1.1-4.7-3.2t-3.6-2.6q-1.1-0.7-2.1-2t-1-2.5q0-1.4 0.7-2.3t2.1-0.9h26.3q1.2 0 2 0.8t0.9 2z\"\/><\/svg><\/span><\/a><\/li><li class=\"shariff-button printer shariff-nocustomcolor\" style=\"background-color:#a8a8a8;border-radius:20%\"><a href=\"javascript:window.print()\" title=\"drucken\" aria-label=\"drucken\" role=\"button\" rel=\"noopener nofollow\" class=\"shariff-link\" style=\";border-radius:20%; background-color:#999; color:#fff\"><span class=\"shariff-icon\" style=\"\"><svg width=\"32px\" height=\"20px\" xmlns=\"http:\/\/www.w3.org\/2000\/svg\" viewBox=\"0 0 30 32\"><path fill=\"#999\" d=\"M6.8 27.4h16v-4.6h-16v4.6zM6.8 16h16v-6.8h-2.8q-0.7 0-1.2-0.5t-0.5-1.2v-2.8h-11.4v11.4zM27.4 17.2q0-0.5-0.3-0.8t-0.8-0.4-0.8 0.4-0.3 0.8 0.3 0.8 0.8 0.3 0.8-0.3 0.3-0.8zM29.7 17.2v7.4q0 0.2-0.2 0.4t-0.4 0.2h-4v2.8q0 0.7-0.5 1.2t-1.2 0.5h-17.2q-0.7 0-1.2-0.5t-0.5-1.2v-2.8h-4q-0.2 0-0.4-0.2t-0.2-0.4v-7.4q0-1.4 1-2.4t2.4-1h1.2v-9.7q0-0.7 0.5-1.2t1.2-0.5h12q0.7 0 1.6 0.4t1.3 0.8l2.7 2.7q0.5 0.5 0.9 1.4t0.4 1.6v4.6h1.1q1.4 0 2.4 1t1 2.4z\"\/><\/svg><\/span><\/a><\/li><li class=\"shariff-button info shariff-nocustomcolor\" style=\"background-color:#eee;border-radius:20%\"><a href=\"http:\/\/ct.de\/-2467514\" title=\"Weitere Informationen\" aria-label=\"Weitere Informationen\" role=\"button\" rel=\"noopener \" class=\"shariff-link\" style=\";border-radius:20%; background-color:#fff; color:#fff\" target=\"_blank\"><span class=\"shariff-icon\" style=\"\"><svg width=\"32px\" height=\"20px\" xmlns=\"http:\/\/www.w3.org\/2000\/svg\" viewBox=\"0 0 11 32\"><path fill=\"#999\" d=\"M11.4 24v2.3q0 0.5-0.3 0.8t-0.8 0.4h-9.1q-0.5 0-0.8-0.4t-0.4-0.8v-2.3q0-0.5 0.4-0.8t0.8-0.4h1.1v-6.8h-1.1q-0.5 0-0.8-0.4t-0.4-0.8v-2.3q0-0.5 0.4-0.8t0.8-0.4h6.8q0.5 0 0.8 0.4t0.4 0.8v10.3h1.1q0.5 0 0.8 0.4t0.3 0.8zM9.2 3.4v3.4q0 0.5-0.4 0.8t-0.8 0.4h-4.6q-0.4 0-0.8-0.4t-0.4-0.8v-3.4q0-0.4 0.4-0.8t0.8-0.4h4.6q0.5 0 0.8 0.4t0.4 0.8z\"\/><\/svg><\/span><\/a><\/li><li class=\"shariff-button rss shariff-nocustomcolor\" style=\"background-color:#ff8c00;border-radius:20%\"><a href=\"https:\/\/www.wanderwegewelt.de\/blog\/feed\/rss\/\" title=\"RSS-feed\" aria-label=\"RSS-feed\" role=\"button\" class=\"shariff-link\" style=\";border-radius:20%; background-color:#fe9312; color:#fff\" target=\"_blank\"><span class=\"shariff-icon\" style=\"\"><svg width=\"32px\" height=\"20px\" xmlns=\"http:\/\/www.w3.org\/2000\/svg\" viewBox=\"0 0 32 32\"><path fill=\"#fe9312\" d=\"M4.3 23.5c-2.3 0-4.3 1.9-4.3 4.3 0 2.3 1.9 4.2 4.3 4.2 2.4 0 4.3-1.9 4.3-4.2 0-2.3-1.9-4.3-4.3-4.3zM0 10.9v6.1c4 0 7.7 1.6 10.6 4.4 2.8 2.8 4.4 6.6 4.4 10.6h6.2c0-11.7-9.5-21.1-21.1-21.1zM0 0v6.1c14.2 0 25.8 11.6 25.8 25.9h6.2c0-17.6-14.4-32-32-32z\"\/><\/svg><\/span><\/a><\/li><\/ul><\/div>","protected":false},"excerpt":{"rendered":"<p>\u00dcberraschungen in Essen. Die gr\u00fcne Hauptstadt Europas 2017 Ende Mai trafen sich 18 Reise-, Heimat- und Wanderblogger in Essen. Anl\u00e4sslich der Ernennung Essens zur &#8222;Gr\u00fcnen Hauptstadt Europas 2017&#8220; bestand die M\u00f6glichkeit zu Erfahren wie sich der ehemaligen Kohle- und Stahlstandort zu eben dieser gr\u00fcnen Haupstadt entwickelte. Homebase &#8211; Das Atlantic Congress Hotel Als Ausgangspunkt aller [&hellip;]<\/p>\n","protected":false},"author":2,"featured_media":14559,"comment_status":"open","ping_status":"open","sticky":false,"template":"","format":"image","meta":{"footnotes":""},"categories":[570,1,565,244,263,57,303,243,370,247,298,290,265],"tags":[571,410,198,179,195,580,582,579,581,163,583],"class_list":["post-14517","post","type-post","status-publish","format-image","has-post-thumbnail","hentry","category-rbruhr","category-allgemein","category-bochum-regierungsbezirk-arnsberg","category-deutschland","category-deutschland-region","category-duisburg","category-essen-regierungsbezirk-duesseldorf","category-europa","category-gelsenkirchen-regierungsbezirk-muenster","category-nordrhein-westfalen","category-regierungsbezirk-arnsberg","category-regierungsbezirk-muenster","category-ruhrgebiet-deutschland-region","tag-rbruhr","tag-baldeneysee","tag-bochum","tag-duisburg","tag-essen","tag-halde-rheinelbe","tag-jahrhunderthalle","tag-lapadu","tag-margarethenhoehe","tag-ruhrgebiet","tag-seaside-beach","post_format-post-format-image","entry","has-media"],"_links":{"self":[{"href":"https:\/\/www.wanderwegewelt.de\/blog\/wp-json\/wp\/v2\/posts\/14517","targetHints":{"allow":["GET"]}}],"collection":[{"href":"https:\/\/www.wanderwegewelt.de\/blog\/wp-json\/wp\/v2\/posts"}],"about":[{"href":"https:\/\/www.wanderwegewelt.de\/blog\/wp-json\/wp\/v2\/types\/post"}],"author":[{"embeddable":true,"href":"https:\/\/www.wanderwegewelt.de\/blog\/wp-json\/wp\/v2\/users\/2"}],"replies":[{"embeddable":true,"href":"https:\/\/www.wanderwegewelt.de\/blog\/wp-json\/wp\/v2\/comments?post=14517"}],"version-history":[{"count":25,"href":"https:\/\/www.wanderwegewelt.de\/blog\/wp-json\/wp\/v2\/posts\/14517\/revisions"}],"predecessor-version":[{"id":189184,"href":"https:\/\/www.wanderwegewelt.de\/blog\/wp-json\/wp\/v2\/posts\/14517\/revisions\/189184"}],"wp:featuredmedia":[{"embeddable":true,"href":"https:\/\/www.wanderwegewelt.de\/blog\/wp-json\/wp\/v2\/media\/14559"}],"wp:attachment":[{"href":"https:\/\/www.wanderwegewelt.de\/blog\/wp-json\/wp\/v2\/media?parent=14517"}],"wp:term":[{"taxonomy":"category","embeddable":true,"href":"https:\/\/www.wanderwegewelt.de\/blog\/wp-json\/wp\/v2\/categories?post=14517"},{"taxonomy":"post_tag","embeddable":true,"href":"https:\/\/www.wanderwegewelt.de\/blog\/wp-json\/wp\/v2\/tags?post=14517"}],"curies":[{"name":"wp","href":"https:\/\/api.w.org\/{rel}","templated":true}]}}